{"id":1778,"date":"2020-04-23T10:38:35","date_gmt":"2020-04-23T10:38:35","guid":{"rendered":"https:\/\/www.afiesa.com\/covid-19-noves-mesures-fiscals-aprovades-pel-reial-decret-llei-152020\/"},"modified":"2020-04-23T10:39:17","modified_gmt":"2020-04-23T10:39:17","slug":"covid-19-noves-mesures-fiscals","status":"publish","type":"post","link":"https:\/\/www.afiesa.com\/ca\/covid-19-noves-mesures-fiscals\/","title":{"rendered":"COVID-19 Noves mesures fiscals aprovades pel Reial Decret Llei 15\/2020"},"content":{"rendered":"<p>Al BOE de el dia 22 d&#8217;abril s&#8217;ha publicat el Reial decret llei 15\/2020, de 21 d&#8217;abril, de mesures urgents complement\u00e0ries per donar suport a l&#8217;economia i l&#8217;ocupaci\u00f3, que entre altres, incorpora un seguit de mesures fiscals, com la reducci\u00f3 de l&#8217;IVA aplicable a l&#8217;subministrament de determinat material sanitari i dels llibres, revistes i diaris electr\u00f2nics;\u00a0la ren\u00fancia a el r\u00e8gim d&#8217;estimaci\u00f3 objectiva ( &#8220;m\u00f2duls&#8221;) de l&#8217;IRPF i r\u00e8gims especials de l&#8217;IVA i de l&#8217;IGIC o l&#8217;opci\u00f3 a canviar de percentatge sobre quota a percentatge sobre base en els pagaments fraccionats de l&#8217;Impost sobre Societats.<\/p>\n<p>&nbsp;<\/p>\n<p><strong>1er\u00a0Reducci\u00f3 tipus impositius de l&#8217;IVA<\/strong><\/p>\n<p>S&#8217;estableix un tipus de el 0%, per als lliuraments, importacions i adquisicions intracomunit\u00e0ries de material sanitari\u00a0que s&#8217;ha de documentar en factura com si d&#8217;operacions exemptes es tract\u00e9s, amb les seg\u00fcents caracter\u00edstiques:<\/p>\n<ul>\n<li>Operacions realitzades entre el 23 d&#8217;abril i el 31 de juliol de 2020.<\/li>\n<li>Els destinataris han de ser entitats de dret p\u00fablic, cl\u00edniques o centres hospitalaris, o entitats privades de car\u00e0cter social que es refereix l&#8217;apartat tres de l&#8217;article 20 de la Llei 37\/1992 de l&#8217;IVA.<\/li>\n<li>Aquestes operacions no limiten el dret a deduir.<\/li>\n<\/ul>\n<p>Es redueix de el 21 a el 4% el tipus impositiu aplicable als lliuraments de llibres, revistes i diaris electr\u00f2nics\u00a0que, com passa amb els de paper, no continguin fonamentalment publicitat, alhora que s&#8217;incrementa de l&#8217;75 a l&#8217;90% el percentatge dels ingressos que aquesta ha de proporcionar l&#8217;editor perqu\u00e8 s&#8217;apliqui el tipus general.\u00a0C\u00a0on efectes des del 23 d&#8217;abril de 2020\u00a0, s&#8217;aplicar\u00e0 el\u00a0tipus redu\u00eft de l&#8217;4%\u00a0als productes que figuren en un annex que aqu\u00ed no reprodu\u00efm per la seva extensi\u00f3.<\/p>\n<p>&nbsp;<\/p>\n<p><strong>2n Opci\u00f3 a canviar de percentatge sobre quota a percentatge sobre base en els pagaments fraccionats de l&#8217;Impost sobre Societats<\/strong><\/p>\n<p>Per tal d&#8217;adaptar el c\u00e0lcul aplicable a les liquidacions de l&#8217;Impost a la realitat econ\u00f2mica, es permet,\u00a0per als per\u00edodes impositius iniciats a partir d&#8217;1 de gener de 2020 i amb efectes exclusius per a aquest per\u00edode\u00a0, que els contribuents el volum d&#8217;operacions no hagi superat la quantitat de 600.000 euros exerceixin l&#8217;opci\u00f3 per fer els pagaments fraccionats, sobre la part de la base imposable de el per\u00edode dels 3, 9 o 11 primers mesos, mitjan\u00e7ant la presentaci\u00f3 dins de l&#8217;termini ampliat pel Reial decret llei 14 \/ 2020 de l&#8217;pagament fraccionat determinat per aplicaci\u00f3 de l&#8217;esmentada modalitat de base imposable.\u00a0Per als contribuents que no hagin pogut exercir l&#8217;opci\u00f3 d&#8217;acord amb l&#8217;anterior i l&#8217;import net de la xifra de negocis no sigui superior a 6.000.000 d&#8217;euros es preveu que l&#8217;opci\u00f3 pugui realitzar-se en el termini de l&#8217;pagament fraccionat que hagi de presentar-se en els 20 primers dies del mes d&#8217;octubre de 2020, determinat, igualment, per aplicaci\u00f3 de l&#8217;esmentada modalitat de base imposable.<\/p>\n<p>El contribuent que exerceixi l&#8217;opci\u00f3 d&#8217;acord amb el que s&#8217;ha comentat, queda vinculat a aquesta modalitat de pagament fraccionat, exclusivament, respecte dels pagaments corresponents a el mateix per\u00edode impositiu.<\/p>\n<p>Resumint, hem de tenir en compte:<\/p>\n<ul>\n<li>Pagament fraccionat Micropymes\u00a0: els contribuents amb un volum d&#8217;operacions que no superi 600.000 \u20ac -i no tributin pel r\u00e8gim de consolidaci\u00f3 d&#8217;aquest impost ni pel REGE en IVA- podran optar per realitzar el primer pagament fraccionat de l&#8217;exercici 2020 pel sistema de percentatge sobre la base dels mesos transcorreguts de l&#8217;exercici -de gener a mar\u00e7 si l&#8217;exercici coincideix amb l&#8217;any natural- si presenten el model 202 fins el 20 de maig per aquest sistema.<\/li>\n<li>Pagament fraccionat Pimes\u00a0: als contribuents amb volum d&#8217;operacions que no superi 6.000.000 \u20ac, que no hagin pogut optar a el canvi de modalitat com les Micropimes i que no tributin pel r\u00e8gim especial de grups en aquest impost, podran canviar a la opci\u00f3 de percentatge sobre base, per\u00f2 en el segon pagament fraccionat de l&#8217;exercici, sent en aquest pagament, naturalment, dedu\u00efble el pagament fraccionat realitzat en 1P.\u00a0D&#8217;aquesta manera podran recuperar, al menys en part, l&#8217;exc\u00e9s d&#8217;avan\u00e7ament d&#8217;impost que es pugui haver produ\u00eft en el 1P.<\/li>\n<\/ul>\n<p>&nbsp;<\/p>\n<p><strong>3r Ren\u00fancia a el r\u00e8gim d&#8217;estimaci\u00f3 objectiva ( &#8220;m\u00f2duls&#8221;) de l&#8217;IRPF i r\u00e8gims especials de l&#8217;IVA i de l&#8217;impost general indirecte canari (IGIC).<\/strong><\/p>\n<p>Resulta imprescindible adaptar temporalment les quanties dels pagaments fraccionats i ingressos a compte dels diferents impostos que es determinen d&#8217;acord amb signes, \u00edndexs o m\u00f2duls, a l&#8217;veure la seva activitat alterada per l&#8217;emerg\u00e8ncia sanit\u00e0ria que patim.<\/p>\n<p>Aix\u00ed, s&#8217;adapten, de forma proporcional a el per\u00edode temporal afectat per la declaraci\u00f3 de l&#8217;estat d&#8217;alarma en les activitats econ\u00f2miques, el\u00a0c\u00e0lcul dels pagaments fraccionats en el m\u00e8tode d&#8217;estimaci\u00f3 objectiva de l&#8217;IRPF i l&#8217;ingr\u00e9s a compte de el r\u00e8gim simplificat de l&#8217;IVA\u00a0, que , a l&#8217;estar calculats sobre signes, \u00edndexs o m\u00f2duls, pr\u00e8viament determinats en situaci\u00f3 de normalitat, comportarien unes quanties no ajustades a la realitat dels seus ingressos actuals.<\/p>\n<p>Aix\u00ed mateix, per flexibilitzar el r\u00e8gim de pimes i aut\u00f2noms,\u00a0s&#8217;elimina la vinculaci\u00f3 obligat\u00f2ria que durant tres anys s&#8217;estableix legalment per a la ren\u00fancia\u00a0a l&#8217;m\u00e8tode d&#8217;estimaci\u00f3 objectiva de l&#8217;IRPF, de el r\u00e8gim simplificat i de el r\u00e8gim especial de l&#8217;agricultura, ramaderia i pesca de l&#8217;IVA , de manera que els contribuents puguin tornar a aplicar aquest m\u00e8tode en l&#8217;exercici 2021, sempre que compleixin els requisits normatius per a la seva aplicaci\u00f3.\u00a0D&#8217;aquesta manera, a el poder determinar la quantia del seu rendiment net d&#8217;acord amb el m\u00e8tode d&#8217;estimaci\u00f3 directa, podran reflectir de manera m\u00e9s exacta la reducci\u00f3 d&#8217;ingressos produ\u00efda en la seva activitat econ\u00f2mica com a conseq\u00fc\u00e8ncia de l&#8217;COVID-19, sense que aquesta decisi\u00f3 afecti el m\u00e8tode de determinaci\u00f3 dels rendiments aplicable en els seg\u00fcents exercicis.<\/p>\n<p>La ren\u00fancia tamb\u00e9 tindr\u00e0 els mateixos efectes que fa a l&#8217;\u00a0impost general indirecte canari (IGIC).<\/p>\n<p>Aix\u00ed, amb\u00a0efectes des del 23 d&#8217;abril de 2020\u00a0:<\/p>\n<ul>\n<li>Es permet que la\u00a0ren\u00fancia t\u00e0cita a el r\u00e8gim d&#8217;estimaci\u00f3 objectiva\u00a0, realitzada presentant el pagament fraccionat del primer trimestre en termini -fins al 20 de maig-\u00a0calculant-en estimaci\u00f3 directa, tingui efectes nom\u00e9s per a 2020\u00a0.\u00a0Aquests contribuents podran tornar el 2021 a determinar el rendiment net per m\u00f2duls revocant la ren\u00fancia d&#8217;aquest any al desembre de 2020 o presentant el primer pagament fraccionat de 2021 per aquesta modalitat.<\/li>\n<li>El mateix es\u00a0s&#8217;aplica en IVA i en IGIC\u00a0respecte a la ren\u00fancia i revocaci\u00f3 dels r\u00e8gims especials.<\/li>\n<li>Aix\u00ed mateix, per als contribuents de l&#8217;IRPF que determinen el rendiment net per estimaci\u00f3 objectiva -de les activitats relacionades a l&#8217;Annex II de l&#8217;Ordre HAC \/ 1164 \/ 2019- i els d&#8217;IVA acollits a el r\u00e8gim simplificat,\u00a0que no vulguin renunciar a m\u00f2duls,\u00a0per al c\u00e0lcul de l&#8217;pagament fraccionat i de l&#8217;ingr\u00e9s a compte en funci\u00f3 de les dades base de l&#8217;exercici 2020, respectivament,\u00a0no hauran de computar com a dies d&#8217;exercici de l&#8217;activitat els dies naturals de l&#8217;trimestre en qu\u00e8 hagu\u00e9s existit estat d&#8217;alarma\u00a0.<\/li>\n<\/ul>\n<p>En definitiva, en el primer trimestre no computaran 18 dies o, el que \u00e9s el mateix, el pagament fraccionat de l&#8217;IRPF i l&#8217;ingr\u00e9s a compte ser\u00e0 un 80,22% de qu\u00e8 hagu\u00e9s correspost sense aprovar-se aquesta mesura.<\/p>\n<p>&nbsp;<\/p>\n<p><strong>4t No inici de el per\u00edode executiu per a determinades deutes tributaris en el cas de concessi\u00f3 de finan\u00e7ament<\/strong><\/p>\n<p>En concret, si es presenta una\u00a0autoliquidaci\u00f3 tribut\u00e0ria, el termini finalitzi entre el 20 d&#8217;abril i el 30 de maig, sense realitzar l&#8217;ingr\u00e9s\u00a0,\u00a0no s&#8217;iniciar\u00e0 el per\u00edode executiu\u00a0-que comportaria l&#8217;exig\u00e8ncia de l&#8217;rec\u00e0rrec de constrenyiment-, si es compleixen els requisits seg\u00fcents (l&#8217;incompliment de qualsevol d&#8217;ells significaria l&#8217;inici de el per\u00edode executiu a l&#8217;endem\u00e0 de la fi de el per\u00edode voluntari de declaraci\u00f3):<\/p>\n<ul>\n<li>Es presenti l&#8217;autoliquidaci\u00f3 en termini.<\/li>\n<li>El contribuent hagi sol\u00b7licitat, en per\u00edode voluntari de presentaci\u00f3 de les autoliquidacions, un pr\u00e9stec avalat pel Ministeri d&#8217;Afers Econ\u00f2mics i Transformaci\u00f3 Digital -art.\u00a029 RD-Llei 8 \/ 2020- a el menys per l&#8217;import de les mateixes i per al seu pagament.<\/li>\n<\/ul>\n<p>&nbsp;<\/p>\n<p><strong>5\u00e8 Extensi\u00f3 de determinats terminis de vig\u00e8ncia de disposicions tribut\u00e0ries\u00a0Es presenti l&#8217;autoliquidaci\u00f3 en termini.<\/strong><\/p>\n<ul>\n<li>El contribuent hagi sol\u00b7licitat, en per\u00edode voluntari de presentaci\u00f3 de les autoliquidacions, un pr\u00e9stec avalat pel Ministeri d&#8217;Afers Econ\u00f2mics i Transformaci\u00f3 Digital -art.\u00a029 RD-Llei 8 \/ 2020- a el menys per l&#8217;import de les mateixes i per al seu pagament.<\/li>\n<\/ul>\n<p>L&#8217;ampliaci\u00f3 de determinats terminis fins al 30 d&#8217;abril o fins el 20 de maig de 2020, establerta en l&#8217;art.\u00a033 de l&#8217;RD-llei 8\/2020 i en les disposicions addicionals 8a i 9a de el RD-llei 11\/2020, es trasllada a l&#8217;\u00a030 de maig.<\/p>\n","protected":false},"excerpt":{"rendered":"<p>Al BOE de el dia 22 d&#8217;abril s&#8217;ha publicat el Reial decret llei 15\/2020, de 21 d&#8217;abril, de mesures urgents complement\u00e0ries per donar suport a l&#8217;economia i l&#8217;ocupaci\u00f3, que entre altres, incorpora un seguit de mesures fiscals, com la reducci\u00f3 de l&#8217;IVA aplicable a l&#8217;subministrament de determinat material sanitari i dels llibres, revistes i diaris<\/p>\n","protected":false},"author":2,"featured_media":0,"comment_status":"closed","ping_status":"closed","sticky":false,"template":"","format":"standard","meta":{"footnotes":""},"categories":[42,47,48,50,46,45],"tags":[],"class_list":["post-1778","post","type-post","status-publish","format-standard","hentry","category-autonoms-ca","category-comptable-ca","category-fiscal-ca","category-mercantil-ca","category-pere-sbert-ca","category-societats-ca"],"yoast_head":"<!-- This site is optimized with the Yoast SEO plugin v25.9 - https:\/\/yoast.com\/wordpress\/plugins\/seo\/ -->\n<title>COVID-19 Noves mesures fiscals aprovades pel Reial Decret Llei 15\/2020 - AFIESA<\/title>\n<meta name=\"robots\" content=\"index, follow, max-snippet:-1, max-image-preview:large, max-video-preview:-1\" \/>\n<link rel=\"canonical\" href=\"https:\/\/www.afiesa.com\/ca\/covid-19-noves-mesures-fiscals\/\" \/>\n<meta property=\"og:locale\" content=\"ca_ES\" \/>\n<meta property=\"og:type\" content=\"article\" \/>\n<meta property=\"og:title\" content=\"COVID-19 Noves mesures fiscals aprovades pel Reial Decret Llei 15\/2020 - AFIESA\" \/>\n<meta property=\"og:description\" content=\"Al BOE de el dia 22 d&#8217;abril s&#8217;ha publicat el Reial decret llei 15\/2020, de 21 d&#8217;abril, de mesures urgents complement\u00e0ries per donar suport a l&#8217;economia i l&#8217;ocupaci\u00f3, que entre altres, incorpora un seguit de mesures fiscals, com la reducci\u00f3 de l&#8217;IVA aplicable a l&#8217;subministrament de determinat material sanitari i dels llibres, revistes i diaris\" \/>\n<meta property=\"og:url\" content=\"https:\/\/www.afiesa.com\/ca\/covid-19-noves-mesures-fiscals\/\" \/>\n<meta property=\"og:site_name\" content=\"AFIESA\" \/>\n<meta property=\"article:published_time\" content=\"2020-04-23T10:38:35+00:00\" \/>\n<meta property=\"article:modified_time\" content=\"2020-04-23T10:39:17+00:00\" \/>\n<meta name=\"author\" content=\"Pere Sbert\" \/>\n<meta name=\"twitter:card\" content=\"summary_large_image\" \/>\n<meta name=\"twitter:label1\" content=\"Escrit per\" \/>\n\t<meta name=\"twitter:data1\" content=\"Pere Sbert\" \/>\n\t<meta name=\"twitter:label2\" content=\"Temps estimat de lectura\" \/>\n\t<meta name=\"twitter:data2\" content=\"7 minuts\" \/>\n<script type=\"application\/ld+json\" class=\"yoast-schema-graph\">{\"@context\":\"https:\/\/schema.org\",\"@graph\":[{\"@type\":\"WebPage\",\"@id\":\"https:\/\/www.afiesa.com\/ca\/covid-19-noves-mesures-fiscals\/\",\"url\":\"https:\/\/www.afiesa.com\/ca\/covid-19-noves-mesures-fiscals\/\",\"name\":\"COVID-19 Noves mesures fiscals aprovades pel Reial Decret Llei 15\/2020 - AFIESA\",\"isPartOf\":{\"@id\":\"https:\/\/www.afiesa.com\/#website\"},\"datePublished\":\"2020-04-23T10:38:35+00:00\",\"dateModified\":\"2020-04-23T10:39:17+00:00\",\"author\":{\"@id\":\"https:\/\/www.afiesa.com\/#\/schema\/person\/5b143f12bb3627bb3f25e8a5a75a638f\"},\"breadcrumb\":{\"@id\":\"https:\/\/www.afiesa.com\/ca\/covid-19-noves-mesures-fiscals\/#breadcrumb\"},\"inLanguage\":\"ca\",\"potentialAction\":[{\"@type\":\"ReadAction\",\"target\":[\"https:\/\/www.afiesa.com\/ca\/covid-19-noves-mesures-fiscals\/\"]}]},{\"@type\":\"BreadcrumbList\",\"@id\":\"https:\/\/www.afiesa.com\/ca\/covid-19-noves-mesures-fiscals\/#breadcrumb\",\"itemListElement\":[{\"@type\":\"ListItem\",\"position\":1,\"name\":\"Portada\",\"item\":\"https:\/\/www.afiesa.com\/ca\/\"},{\"@type\":\"ListItem\",\"position\":2,\"name\":\"COVID-19 Noves mesures fiscals aprovades pel Reial Decret Llei 15\/2020\"}]},{\"@type\":\"WebSite\",\"@id\":\"https:\/\/www.afiesa.com\/#website\",\"url\":\"https:\/\/www.afiesa.com\/\",\"name\":\"AFIESA\",\"description\":\"Gestor\u00eda\",\"potentialAction\":[{\"@type\":\"SearchAction\",\"target\":{\"@type\":\"EntryPoint\",\"urlTemplate\":\"https:\/\/www.afiesa.com\/?s={search_term_string}\"},\"query-input\":{\"@type\":\"PropertyValueSpecification\",\"valueRequired\":true,\"valueName\":\"search_term_string\"}}],\"inLanguage\":\"ca\"},{\"@type\":\"Person\",\"@id\":\"https:\/\/www.afiesa.com\/#\/schema\/person\/5b143f12bb3627bb3f25e8a5a75a638f\",\"name\":\"Pere Sbert\",\"image\":{\"@type\":\"ImageObject\",\"inLanguage\":\"ca\",\"@id\":\"https:\/\/www.afiesa.com\/#\/schema\/person\/image\/\",\"url\":\"https:\/\/secure.gravatar.com\/avatar\/19d7d7a2fa30cb2610194589853bb0e30399b53150df754858f68d41d4f5d4e5?s=96&d=mm&r=g\",\"contentUrl\":\"https:\/\/secure.gravatar.com\/avatar\/19d7d7a2fa30cb2610194589853bb0e30399b53150df754858f68d41d4f5d4e5?s=96&d=mm&r=g\",\"caption\":\"Pere Sbert\"}}]}<\/script>\n<!-- \/ Yoast SEO plugin. -->","yoast_head_json":{"title":"COVID-19 Noves mesures fiscals aprovades pel Reial Decret Llei 15\/2020 - AFIESA","robots":{"index":"index","follow":"follow","max-snippet":"max-snippet:-1","max-image-preview":"max-image-preview:large","max-video-preview":"max-video-preview:-1"},"canonical":"https:\/\/www.afiesa.com\/ca\/covid-19-noves-mesures-fiscals\/","og_locale":"ca_ES","og_type":"article","og_title":"COVID-19 Noves mesures fiscals aprovades pel Reial Decret Llei 15\/2020 - AFIESA","og_description":"Al BOE de el dia 22 d&#8217;abril s&#8217;ha publicat el Reial decret llei 15\/2020, de 21 d&#8217;abril, de mesures urgents complement\u00e0ries per donar suport a l&#8217;economia i l&#8217;ocupaci\u00f3, que entre altres, incorpora un seguit de mesures fiscals, com la reducci\u00f3 de l&#8217;IVA aplicable a l&#8217;subministrament de determinat material sanitari i dels llibres, revistes i diaris","og_url":"https:\/\/www.afiesa.com\/ca\/covid-19-noves-mesures-fiscals\/","og_site_name":"AFIESA","article_published_time":"2020-04-23T10:38:35+00:00","article_modified_time":"2020-04-23T10:39:17+00:00","author":"Pere Sbert","twitter_card":"summary_large_image","twitter_misc":{"Escrit per":"Pere Sbert","Temps estimat de lectura":"7 minuts"},"schema":{"@context":"https:\/\/schema.org","@graph":[{"@type":"WebPage","@id":"https:\/\/www.afiesa.com\/ca\/covid-19-noves-mesures-fiscals\/","url":"https:\/\/www.afiesa.com\/ca\/covid-19-noves-mesures-fiscals\/","name":"COVID-19 Noves mesures fiscals aprovades pel Reial Decret Llei 15\/2020 - AFIESA","isPartOf":{"@id":"https:\/\/www.afiesa.com\/#website"},"datePublished":"2020-04-23T10:38:35+00:00","dateModified":"2020-04-23T10:39:17+00:00","author":{"@id":"https:\/\/www.afiesa.com\/#\/schema\/person\/5b143f12bb3627bb3f25e8a5a75a638f"},"breadcrumb":{"@id":"https:\/\/www.afiesa.com\/ca\/covid-19-noves-mesures-fiscals\/#breadcrumb"},"inLanguage":"ca","potentialAction":[{"@type":"ReadAction","target":["https:\/\/www.afiesa.com\/ca\/covid-19-noves-mesures-fiscals\/"]}]},{"@type":"BreadcrumbList","@id":"https:\/\/www.afiesa.com\/ca\/covid-19-noves-mesures-fiscals\/#breadcrumb","itemListElement":[{"@type":"ListItem","position":1,"name":"Portada","item":"https:\/\/www.afiesa.com\/ca\/"},{"@type":"ListItem","position":2,"name":"COVID-19 Noves mesures fiscals aprovades pel Reial Decret Llei 15\/2020"}]},{"@type":"WebSite","@id":"https:\/\/www.afiesa.com\/#website","url":"https:\/\/www.afiesa.com\/","name":"AFIESA","description":"Gestor\u00eda","potentialAction":[{"@type":"SearchAction","target":{"@type":"EntryPoint","urlTemplate":"https:\/\/www.afiesa.com\/?s={search_term_string}"},"query-input":{"@type":"PropertyValueSpecification","valueRequired":true,"valueName":"search_term_string"}}],"inLanguage":"ca"},{"@type":"Person","@id":"https:\/\/www.afiesa.com\/#\/schema\/person\/5b143f12bb3627bb3f25e8a5a75a638f","name":"Pere Sbert","image":{"@type":"ImageObject","inLanguage":"ca","@id":"https:\/\/www.afiesa.com\/#\/schema\/person\/image\/","url":"https:\/\/secure.gravatar.com\/avatar\/19d7d7a2fa30cb2610194589853bb0e30399b53150df754858f68d41d4f5d4e5?s=96&d=mm&r=g","contentUrl":"https:\/\/secure.gravatar.com\/avatar\/19d7d7a2fa30cb2610194589853bb0e30399b53150df754858f68d41d4f5d4e5?s=96&d=mm&r=g","caption":"Pere Sbert"}}]}},"_links":{"self":[{"href":"https:\/\/www.afiesa.com\/ca\/wp-json\/wp\/v2\/posts\/1778","targetHints":{"allow":["GET"]}}],"collection":[{"href":"https:\/\/www.afiesa.com\/ca\/wp-json\/wp\/v2\/posts"}],"about":[{"href":"https:\/\/www.afiesa.com\/ca\/wp-json\/wp\/v2\/types\/post"}],"author":[{"embeddable":true,"href":"https:\/\/www.afiesa.com\/ca\/wp-json\/wp\/v2\/users\/2"}],"replies":[{"embeddable":true,"href":"https:\/\/www.afiesa.com\/ca\/wp-json\/wp\/v2\/comments?post=1778"}],"version-history":[{"count":1,"href":"https:\/\/www.afiesa.com\/ca\/wp-json\/wp\/v2\/posts\/1778\/revisions"}],"predecessor-version":[{"id":1779,"href":"https:\/\/www.afiesa.com\/ca\/wp-json\/wp\/v2\/posts\/1778\/revisions\/1779"}],"wp:attachment":[{"href":"https:\/\/www.afiesa.com\/ca\/wp-json\/wp\/v2\/media?parent=1778"}],"wp:term":[{"taxonomy":"category","embeddable":true,"href":"https:\/\/www.afiesa.com\/ca\/wp-json\/wp\/v2\/categories?post=1778"},{"taxonomy":"post_tag","embeddable":true,"href":"https:\/\/www.afiesa.com\/ca\/wp-json\/wp\/v2\/tags?post=1778"}],"curies":[{"name":"wp","href":"https:\/\/api.w.org\/{rel}","templated":true}]}}