{"id":1756,"date":"2020-03-19T11:04:10","date_gmt":"2020-03-19T11:04:10","guid":{"rendered":"https:\/\/www.afiesa.com\/mesures-per-reduir-limpacte-economic-del-covid-19\/"},"modified":"2020-03-19T11:10:47","modified_gmt":"2020-03-19T11:10:47","slug":"mesures-per-reduir-limpacte-economic-del-covid-19","status":"publish","type":"post","link":"https:\/\/www.afiesa.com\/ca\/mesures-per-reduir-limpacte-economic-del-covid-19\/","title":{"rendered":"Mesures per reduir l&#8217;impacte econ\u00f2mic del Covid-19"},"content":{"rendered":"<p>La recent declaraci\u00f3 d&#8217;Estat d&#8217;Alarma realitzat pel Govern va acompanyada de la gradual aprovaci\u00f3 de mesures fiscals, laborals i mercantils per intentar contenir l&#8217;alt impacte econ\u00f2mic que sens dubte suposar\u00e0 aquesta situaci\u00f3. Resumim a continuaci\u00f3 les principals mesures adoptades:<\/p>\n<p><strong>Empreses i aut\u00f2noms<\/strong> podran ajornar fins a 30.000 euros en el pagament de <strong>deutes tributaris<\/strong> durant 6 mesos.<\/p>\n<p>D&#8217;acord amb el Reial decret llei 7\/2020, de 12 de mar\u00e7, que adopta una s\u00e8rie de mesures urgents per a respondre a l&#8217;impacte econ\u00f2mic del COVID-19, per a aquelles empreses que el 2019 tinguessin una xifra de negocis inferiors a 6.010. 121,04\u20ac, hi ha la possibilitat de sol\u00b7licitar l&#8217;ajornament de l&#8217;ingr\u00e9s de l&#8217;pagament a totes aquelles declaracions-liquidacions i autoliquidacions el termini de presentaci\u00f3 i ingr\u00e9s finalitzi des del 13 de mar\u00e7 de 2020 fins al 30 de maig de 2020. el termini \u00e9s de fins a 6 mesos, no meritant interessos de demora durant els 3 primers mesos de l&#8217;ajornament<\/p>\n<p>Al BOE de 13 de mar\u00e7 de 2020, s&#8217;ha publicat el Reial decret llei 7\/2020, de 12 de mar\u00e7, que adopta una s\u00e8rie de mesures urgents per a respondre a l&#8217;impacte econ\u00f2mic de l&#8217;COVID-19.<\/p>\n<p>Pel que fa a el tema de<strong> suport financer<\/strong>, s&#8217;han donat facilitats d&#8217;ajornament de deutes tributaris en l&#8217;\u00e0mbit de l&#8217;Administraci\u00f3 tribut\u00e0ria de l&#8217;Estat:<\/p>\n<p>Es concediran ajornaments de deutes tributaris que es trobin en per\u00edode voluntari de pagament des del 13 de mar\u00e7 fins el 30 de maig de 2020.<br \/>\nL&#8217;ajornament \u00e9s pr\u00e8via sol\u00b7licitud, sense necessitat d&#8217;aportar garanties i fins a un m\u00e0xim de 30.000\u20ac.<br \/>\nEs permet tamb\u00e9 -fins ara es inadmit\u00eda- l&#8217;ajornament de retencions, ingressos a compte, pagaments fraccionats i IVA.<br \/>\nAix\u00f2 afecta nom\u00e9s a pimes -volum d&#8217;operacions de 2019 que no superi 6.010.121,04\u20ac -.<br \/>\nTermini de 6 mesos sense meritaci\u00f3 d&#8217;interessos de demora en els 3 primers.<\/p>\n<p>Per tant, aquesta mesura afectar\u00e0, per exemple, a l&#8217;IVA mensual de febrer, mar\u00e7 i abril, per a pimes que optessin pel SII, i als pagaments corresponents a el primer trimestre -com Retencions, IVA i pagaments fraccionats d&#8217;empresaris i de Societats- , el termini de presentaci\u00f3 acaba el 20 d&#8217;abril.<\/p>\n<p>Aprovades mesures urgents extraordin\u00e0ries per fer front a l&#8217;impacte econ\u00f2mic i social del COVID-19<\/p>\n<p>El Consell de Ministres del dia 2020.03.17 ha aprovat un Reial decret llei que inclou un bateria de mesures per pal\u00b7liar la crisi de l&#8217;coronavirus. Entre altres mesures, es fixen quantiosos pr\u00e9stecs i avals p\u00fablics, els treballadors assalariats podran adaptar o reduir la jornada de treball, fins i tot fins a un 100%, s&#8217;estableix el teletreball com a mesura de flexibilitat principal, els ERTES causats per la crisi de l&#8217;Coronavirus seran considerats de for\u00e7a major i els treballadors tindran dret a la prestaci\u00f3 contributiva per desocupaci\u00f3, encara que no compleixin el requisit de cotitzaci\u00f3 pr\u00e8via exigit. En cas de ERTES, s&#8217;exonerar\u00e0 a l&#8217;empresari de l&#8217;aportaci\u00f3 empresarial de les quotes de la Seguretat Social, i per al col\u00b7lectiu d&#8217;aut\u00f2noms es flexibilitzar\u00e0 l&#8217;acc\u00e9s a l&#8217;cessament d&#8217;activitat perqu\u00e8 puguin cobrar amb rapidesa una prestaci\u00f3 en cas de dificultat econ\u00f2mica.<\/p>\n<p><strong>Mesures laborals<\/strong><\/p>\n<p>Els treballadors assalariats puguin adaptar o reduir la jornada de treball, fins i tot fins a un 100%, per fer front a les necessitats de conciliaci\u00f3 i cura derivades d&#8217;aquesta crisi.<\/p>\n<p>S&#8217;estableix el teletreball com a mesura de flexibilitat principal, quan les circumst\u00e0ncies ho permetin.<\/p>\n<p>Es promouran els ajustos temporals de plantilla a trav\u00e9s de la flexibilitzaci\u00f3 dels Expedients Temporals de Regulaci\u00f3 d&#8217;Ocupaci\u00f3. Els ERTES causats per la crisi de l&#8217;Coronavirus seran considerats de for\u00e7a major i els treballadors tindran dret a la prestaci\u00f3 contributiva per desocupaci\u00f3, encara que no compleixin el requisit de cotitzaci\u00f3 pr\u00e8via exigit. El cobrament d&#8217;aquesta prestaci\u00f3 no els computa a efectes de l&#8217;cobrament posterior de la prestaci\u00f3 per desocupaci\u00f3.<\/p>\n<p>En cas de ERTES, s&#8217;exonerar\u00e0 a l&#8217;empresari de l&#8217;aportaci\u00f3 empresarial de les quotes de la Seguretat Social.<\/p>\n<p>Per al col\u00b7lectiu d&#8217;aut\u00f2noms es flexibilitzar\u00e0 l&#8217;acc\u00e9s a l&#8217;cessament d&#8217;activitat perqu\u00e8 puguin cobrar amb rapidesa una prestaci\u00f3 en cas de dificultat econ\u00f2mica.<\/p>\n<p><strong>Liquiditat de les empreses<\/strong><\/p>\n<p>S&#8217;ha aprovat la creaci\u00f3 d&#8217;una l\u00ednia d&#8217;avals i garanties p\u00fabliques per un valor de fins a 100.000 milions d&#8217;euros. Aix\u00f2 permetr\u00e0 mobilitzar entre 150.000 i 200.000 milions d&#8217;euros. L&#8217;Estat ser\u00e0 el garant de les operacions.<\/p>\n<p>A m\u00e9s, s&#8217;aproven l\u00ednies d&#8217;avals addicionals de 2.000 milions d&#8217;euros per a les empreses exportadores amb mecanismes \u00e0gils, afavorint especialment a les petites i mitjanes empreses.<\/p>\n<p>D&#8217;altra banda, les administracions p\u00fabliques van a ajudar a les seves empreses contractistes per a mitigar les conseq\u00fc\u00e8ncies del COVID-19 en els contractes de sector p\u00fablic. Es va a establir un r\u00e8gim espec\u00edfic de suspensi\u00f3 de contractes p\u00fablics, amb ampliaci\u00f3 de terminis i compensaci\u00f3 de salaris, per tal d&#8217;evitar la resoluci\u00f3 dels contractes i la conseq\u00fcent p\u00e8rdua d&#8217;ocupaci\u00f3.<\/p>\n<p>Per donar suport al sistema productiu i empresarial, el Govern tamb\u00e9 reforma la normativa sobre inversions exteriors, per impedir que empreses de pa\u00efsos de fora de la Uni\u00f3 Europea puguin fer-se amb el control d&#8217;entitats espanyoles en sectors estrat\u00e8gics, aprofitant la caiguda conjuntural de el valor dels seus accions en aquesta situaci\u00f3 de crisi econ\u00f2mica.<\/p>\n<p><strong>Mesures mercantils<\/strong> aplicables a les persones jur\u00eddiques de dret privat<\/p>\n<p>El termini de tres mesos a comptar des del tancament de l&#8217;exercici social perqu\u00e8 l&#8217;\u00f2rgan de govern o administraci\u00f3 d&#8217;una persona jur\u00eddica obligada formuli els comptes anuals, ordin\u00e0ries o abreujades, individuals o consolidats, i, si fos legalment exigible, l&#8217;informe de gesti\u00f3 , i per formular els altres documents que siguin legalment obligatoris per la legislaci\u00f3 de societats queda susp\u00e8s fins que finalitzi l&#8217;estat d&#8217;alarma, reprenent de nou per altres tres mesos a comptar des d&#8217;aquesta data.<\/p>\n<p>La junta general ordin\u00e0ria per aprovar els comptes de l&#8217;exercici anterior es reunir\u00e0 necess\u00e0riament dins dels tres mesos seg\u00fcents a comptar des que finalitzi el termini per formular els comptes anuals.<\/p>\n<p>Vos seguirem informant.<\/p>\n","protected":false},"excerpt":{"rendered":"<p>La recent declaraci\u00f3 d&#8217;Estat d&#8217;Alarma realitzat pel Govern va acompanyada de la gradual aprovaci\u00f3 de mesures fiscals, laborals i mercantils per intentar contenir l&#8217;alt impacte econ\u00f2mic que sens dubte suposar\u00e0 aquesta situaci\u00f3. Resumim a continuaci\u00f3 les principals mesures adoptades: Empreses i aut\u00f2noms podran ajornar fins a 30.000 euros en el pagament de deutes tributaris durant<\/p>\n","protected":false},"author":2,"featured_media":0,"comment_status":"closed","ping_status":"closed","sticky":false,"template":"","format":"standard","meta":{"footnotes":""},"categories":[42,48,49,50,46,45],"tags":[],"class_list":["post-1756","post","type-post","status-publish","format-standard","hentry","category-autonoms-ca","category-fiscal-ca","category-laboral-ca","category-mercantil-ca","category-pere-sbert-ca","category-societats-ca"],"yoast_head":"<!-- This site is optimized with the Yoast SEO plugin v25.9 - https:\/\/yoast.com\/wordpress\/plugins\/seo\/ -->\n<title>Mesures per reduir l&#039;impacte econ\u00f2mic del Covid-19 - AFIESA<\/title>\n<meta name=\"robots\" content=\"index, follow, max-snippet:-1, max-image-preview:large, max-video-preview:-1\" \/>\n<link rel=\"canonical\" href=\"https:\/\/www.afiesa.com\/ca\/mesures-per-reduir-limpacte-economic-del-covid-19\/\" \/>\n<meta property=\"og:locale\" content=\"ca_ES\" \/>\n<meta property=\"og:type\" content=\"article\" \/>\n<meta property=\"og:title\" content=\"Mesures per reduir l&#039;impacte econ\u00f2mic del Covid-19 - AFIESA\" \/>\n<meta property=\"og:description\" content=\"La recent declaraci\u00f3 d&#8217;Estat d&#8217;Alarma realitzat pel Govern va acompanyada de la gradual aprovaci\u00f3 de mesures fiscals, laborals i mercantils per intentar contenir l&#8217;alt impacte econ\u00f2mic que sens dubte suposar\u00e0 aquesta situaci\u00f3. Resumim a continuaci\u00f3 les principals mesures adoptades: Empreses i aut\u00f2noms podran ajornar fins a 30.000 euros en el pagament de deutes tributaris durant\" \/>\n<meta property=\"og:url\" content=\"https:\/\/www.afiesa.com\/ca\/mesures-per-reduir-limpacte-economic-del-covid-19\/\" \/>\n<meta property=\"og:site_name\" content=\"AFIESA\" \/>\n<meta property=\"article:published_time\" content=\"2020-03-19T11:04:10+00:00\" \/>\n<meta property=\"article:modified_time\" content=\"2020-03-19T11:10:47+00:00\" \/>\n<meta name=\"author\" content=\"Pere Sbert\" \/>\n<meta name=\"twitter:card\" content=\"summary_large_image\" \/>\n<meta name=\"twitter:label1\" content=\"Escrit per\" \/>\n\t<meta name=\"twitter:data1\" content=\"Pere Sbert\" \/>\n\t<meta name=\"twitter:label2\" content=\"Temps estimat de lectura\" \/>\n\t<meta name=\"twitter:data2\" content=\"5 minuts\" \/>\n<script type=\"application\/ld+json\" class=\"yoast-schema-graph\">{\"@context\":\"https:\/\/schema.org\",\"@graph\":[{\"@type\":\"WebPage\",\"@id\":\"https:\/\/www.afiesa.com\/ca\/mesures-per-reduir-limpacte-economic-del-covid-19\/\",\"url\":\"https:\/\/www.afiesa.com\/ca\/mesures-per-reduir-limpacte-economic-del-covid-19\/\",\"name\":\"Mesures per reduir l'impacte econ\u00f2mic del Covid-19 - AFIESA\",\"isPartOf\":{\"@id\":\"https:\/\/www.afiesa.com\/#website\"},\"datePublished\":\"2020-03-19T11:04:10+00:00\",\"dateModified\":\"2020-03-19T11:10:47+00:00\",\"author\":{\"@id\":\"https:\/\/www.afiesa.com\/#\/schema\/person\/5b143f12bb3627bb3f25e8a5a75a638f\"},\"breadcrumb\":{\"@id\":\"https:\/\/www.afiesa.com\/ca\/mesures-per-reduir-limpacte-economic-del-covid-19\/#breadcrumb\"},\"inLanguage\":\"ca\",\"potentialAction\":[{\"@type\":\"ReadAction\",\"target\":[\"https:\/\/www.afiesa.com\/ca\/mesures-per-reduir-limpacte-economic-del-covid-19\/\"]}]},{\"@type\":\"BreadcrumbList\",\"@id\":\"https:\/\/www.afiesa.com\/ca\/mesures-per-reduir-limpacte-economic-del-covid-19\/#breadcrumb\",\"itemListElement\":[{\"@type\":\"ListItem\",\"position\":1,\"name\":\"Portada\",\"item\":\"https:\/\/www.afiesa.com\/ca\/\"},{\"@type\":\"ListItem\",\"position\":2,\"name\":\"Mesures per reduir l&#8217;impacte econ\u00f2mic del Covid-19\"}]},{\"@type\":\"WebSite\",\"@id\":\"https:\/\/www.afiesa.com\/#website\",\"url\":\"https:\/\/www.afiesa.com\/\",\"name\":\"AFIESA\",\"description\":\"Gestor\u00eda\",\"potentialAction\":[{\"@type\":\"SearchAction\",\"target\":{\"@type\":\"EntryPoint\",\"urlTemplate\":\"https:\/\/www.afiesa.com\/?s={search_term_string}\"},\"query-input\":{\"@type\":\"PropertyValueSpecification\",\"valueRequired\":true,\"valueName\":\"search_term_string\"}}],\"inLanguage\":\"ca\"},{\"@type\":\"Person\",\"@id\":\"https:\/\/www.afiesa.com\/#\/schema\/person\/5b143f12bb3627bb3f25e8a5a75a638f\",\"name\":\"Pere Sbert\",\"image\":{\"@type\":\"ImageObject\",\"inLanguage\":\"ca\",\"@id\":\"https:\/\/www.afiesa.com\/#\/schema\/person\/image\/\",\"url\":\"https:\/\/secure.gravatar.com\/avatar\/19d7d7a2fa30cb2610194589853bb0e30399b53150df754858f68d41d4f5d4e5?s=96&d=mm&r=g\",\"contentUrl\":\"https:\/\/secure.gravatar.com\/avatar\/19d7d7a2fa30cb2610194589853bb0e30399b53150df754858f68d41d4f5d4e5?s=96&d=mm&r=g\",\"caption\":\"Pere Sbert\"}}]}<\/script>\n<!-- \/ Yoast SEO plugin. -->","yoast_head_json":{"title":"Mesures per reduir l'impacte econ\u00f2mic del Covid-19 - AFIESA","robots":{"index":"index","follow":"follow","max-snippet":"max-snippet:-1","max-image-preview":"max-image-preview:large","max-video-preview":"max-video-preview:-1"},"canonical":"https:\/\/www.afiesa.com\/ca\/mesures-per-reduir-limpacte-economic-del-covid-19\/","og_locale":"ca_ES","og_type":"article","og_title":"Mesures per reduir l'impacte econ\u00f2mic del Covid-19 - AFIESA","og_description":"La recent declaraci\u00f3 d&#8217;Estat d&#8217;Alarma realitzat pel Govern va acompanyada de la gradual aprovaci\u00f3 de mesures fiscals, laborals i mercantils per intentar contenir l&#8217;alt impacte econ\u00f2mic que sens dubte suposar\u00e0 aquesta situaci\u00f3. Resumim a continuaci\u00f3 les principals mesures adoptades: Empreses i aut\u00f2noms podran ajornar fins a 30.000 euros en el pagament de deutes tributaris durant","og_url":"https:\/\/www.afiesa.com\/ca\/mesures-per-reduir-limpacte-economic-del-covid-19\/","og_site_name":"AFIESA","article_published_time":"2020-03-19T11:04:10+00:00","article_modified_time":"2020-03-19T11:10:47+00:00","author":"Pere Sbert","twitter_card":"summary_large_image","twitter_misc":{"Escrit per":"Pere Sbert","Temps estimat de lectura":"5 minuts"},"schema":{"@context":"https:\/\/schema.org","@graph":[{"@type":"WebPage","@id":"https:\/\/www.afiesa.com\/ca\/mesures-per-reduir-limpacte-economic-del-covid-19\/","url":"https:\/\/www.afiesa.com\/ca\/mesures-per-reduir-limpacte-economic-del-covid-19\/","name":"Mesures per reduir l'impacte econ\u00f2mic del Covid-19 - AFIESA","isPartOf":{"@id":"https:\/\/www.afiesa.com\/#website"},"datePublished":"2020-03-19T11:04:10+00:00","dateModified":"2020-03-19T11:10:47+00:00","author":{"@id":"https:\/\/www.afiesa.com\/#\/schema\/person\/5b143f12bb3627bb3f25e8a5a75a638f"},"breadcrumb":{"@id":"https:\/\/www.afiesa.com\/ca\/mesures-per-reduir-limpacte-economic-del-covid-19\/#breadcrumb"},"inLanguage":"ca","potentialAction":[{"@type":"ReadAction","target":["https:\/\/www.afiesa.com\/ca\/mesures-per-reduir-limpacte-economic-del-covid-19\/"]}]},{"@type":"BreadcrumbList","@id":"https:\/\/www.afiesa.com\/ca\/mesures-per-reduir-limpacte-economic-del-covid-19\/#breadcrumb","itemListElement":[{"@type":"ListItem","position":1,"name":"Portada","item":"https:\/\/www.afiesa.com\/ca\/"},{"@type":"ListItem","position":2,"name":"Mesures per reduir l&#8217;impacte econ\u00f2mic del Covid-19"}]},{"@type":"WebSite","@id":"https:\/\/www.afiesa.com\/#website","url":"https:\/\/www.afiesa.com\/","name":"AFIESA","description":"Gestor\u00eda","potentialAction":[{"@type":"SearchAction","target":{"@type":"EntryPoint","urlTemplate":"https:\/\/www.afiesa.com\/?s={search_term_string}"},"query-input":{"@type":"PropertyValueSpecification","valueRequired":true,"valueName":"search_term_string"}}],"inLanguage":"ca"},{"@type":"Person","@id":"https:\/\/www.afiesa.com\/#\/schema\/person\/5b143f12bb3627bb3f25e8a5a75a638f","name":"Pere Sbert","image":{"@type":"ImageObject","inLanguage":"ca","@id":"https:\/\/www.afiesa.com\/#\/schema\/person\/image\/","url":"https:\/\/secure.gravatar.com\/avatar\/19d7d7a2fa30cb2610194589853bb0e30399b53150df754858f68d41d4f5d4e5?s=96&d=mm&r=g","contentUrl":"https:\/\/secure.gravatar.com\/avatar\/19d7d7a2fa30cb2610194589853bb0e30399b53150df754858f68d41d4f5d4e5?s=96&d=mm&r=g","caption":"Pere Sbert"}}]}},"_links":{"self":[{"href":"https:\/\/www.afiesa.com\/ca\/wp-json\/wp\/v2\/posts\/1756","targetHints":{"allow":["GET"]}}],"collection":[{"href":"https:\/\/www.afiesa.com\/ca\/wp-json\/wp\/v2\/posts"}],"about":[{"href":"https:\/\/www.afiesa.com\/ca\/wp-json\/wp\/v2\/types\/post"}],"author":[{"embeddable":true,"href":"https:\/\/www.afiesa.com\/ca\/wp-json\/wp\/v2\/users\/2"}],"replies":[{"embeddable":true,"href":"https:\/\/www.afiesa.com\/ca\/wp-json\/wp\/v2\/comments?post=1756"}],"version-history":[{"count":3,"href":"https:\/\/www.afiesa.com\/ca\/wp-json\/wp\/v2\/posts\/1756\/revisions"}],"predecessor-version":[{"id":1759,"href":"https:\/\/www.afiesa.com\/ca\/wp-json\/wp\/v2\/posts\/1756\/revisions\/1759"}],"wp:attachment":[{"href":"https:\/\/www.afiesa.com\/ca\/wp-json\/wp\/v2\/media?parent=1756"}],"wp:term":[{"taxonomy":"category","embeddable":true,"href":"https:\/\/www.afiesa.com\/ca\/wp-json\/wp\/v2\/categories?post=1756"},{"taxonomy":"post_tag","embeddable":true,"href":"https:\/\/www.afiesa.com\/ca\/wp-json\/wp\/v2\/tags?post=1756"}],"curies":[{"name":"wp","href":"https:\/\/api.w.org\/{rel}","templated":true}]}}