{"id":1743,"date":"2019-06-21T08:20:38","date_gmt":"2019-06-21T08:20:38","guid":{"rendered":"https:\/\/www.afiesa.com\/aprovades-mesures-urgents-en-materia-tributaria-i-cadastral\/"},"modified":"2019-06-21T08:20:38","modified_gmt":"2019-06-21T08:20:38","slug":"aprovades-mesures-urgents-en-materia-tributaria-i-cadastral","status":"publish","type":"post","link":"https:\/\/www.afiesa.com\/ca\/aprovades-mesures-urgents-en-materia-tributaria-i-cadastral\/","title":{"rendered":"Aprovades mesures urgents en mat\u00e8ria tribut\u00e0ria i cadastral"},"content":{"rendered":"<p>Es resumeixen a continuaci\u00f3 les principals novetats, amb expressa indicaci\u00f3 de la data en la qual produeixen efectes quan no coincideixi amb la referida data d&#8217;entrada en vigor.<\/p>\n<p>1. IRPF<\/p>\n<p>1.1 Prestacions per maternitat o paternitat<\/p>\n<p>Com a conseq\u00fc\u00e8ncia de la Sent\u00e8ncia del Tribunal Suprem de 3 d&#8217;octubre de 2018, es modifica la Llei 35\/2006 de l&#8217;IRPF (LIRPF)\u00a0per a declarar expressament exemptes, juntament amb les prestacions p\u00fabliques per maternitat percebudes de la Seguretat Social, amb efectes des del 30 de desembre de 2018 i per a exercicis anteriors no prescrits, aix\u00f2 \u00e9s, els per\u00edodes impositius 2014, 2015, 2016 i 2017, les seg\u00fcents prestacions:<\/p>\n<p>Les prestacions p\u00fabliques per maternitat o paternitat i les familiars no contributives regulades en la Llei General de la Seguretat Social<br \/>\nLes prestacions per maternitat o paternitat reconegudes als professionals no integrats en el r\u00e8gim especial de la Seguretat Social dels treballadors per compte propi o aut\u00f2noms per les mutualitats de previsi\u00f3 social que actu\u00efn com a alternatives a aquest r\u00e8gim.<br \/>\nLa quantia exempta en aquest cas tindr\u00e0 com a l\u00edmit l&#8217;import de la prestaci\u00f3 m\u00e0xima que reconegui la Seguretat Social pel concepte que correspongui. L&#8217;exc\u00e9s tributar\u00e0 com a rendiment del treball, entenent-se produ\u00eft, en cas de concurr\u00e8ncia de prestacions del Seguretat Social i d&#8217;aquestes mutualitats, en les prestacions d&#8217;aquestes \u00faltimes.<\/p>\n<p>Per als empleats p\u00fablics enquadrats en un r\u00e8gim de la Seguretat Social que no de dret a percebre la prestaci\u00f3 a qu\u00e8 es refereix el par\u00e0graf anterior, estar\u00e0 exempta la retribuci\u00f3 percebuda durant els permisos per part, adopci\u00f3 o guarda i paternitat (regulada en la Llei de l&#8217;Estatut B\u00e0sic de l&#8217;Empleat p\u00fablic).<br \/>\nLa quantia exempta en aquest cas tindr\u00e0 com a l\u00edmit l&#8217;import de la prestaci\u00f3 m\u00e0xima que reconegui la Seguretat Social pel concepte que correspongui. L&#8217;exc\u00e9s tributar\u00e0 com a rendiments del treball.<\/p>\n<p>1.2 Pr\u00f2rroga per a 2019 dels l\u00edmits per a l&#8217;exclusi\u00f3 del r\u00e8gim d&#8217;estimaci\u00f3 objectiva en l&#8217;IRPF i dels r\u00e8gims simplificat i especial de l&#8217;agricultura, ramaderia i pesca en l&#8217;IVA<\/p>\n<p>S&#8217;amplia a 2019 l&#8217;aplicaci\u00f3 de determinades magnituds la superaci\u00f3 de les quals implica l&#8217;exclusi\u00f3 del m\u00e8tode d&#8217;estimaci\u00f3 objectiva de rendiments per a determinades activitats econ\u00f2miques (que van ser introdu\u00efdes inicialment nom\u00e9s per a 2016 i 2017 per la Llei de Pressupostos Generals de l&#8217;Estat per a 2016 i prorrogats tamb\u00e9 amb posterioritat per a 2018). En concret:<\/p>\n<p>a) El l\u00edmit relatiu als rendiments \u00edntegres obtinguts en el conjunt d&#8217;activitats s&#8217;eleva de 150.000 euros a 250.000 euros en general; i de 75.000 euros a 125.000 euros per al sup\u00f2sit en qu\u00e8 el volum dels rendiments \u00edntegres de l&#8217;any immediat anterior es correspongui amb operacions per les quals s&#8217;estigui obligat a expedir factura quan el destinatari sigui un empresari o professional que actu\u00ef com a tal.<\/p>\n<p>b) El l\u00edmit relatiu al volum de les compres en b\u00e9ns i serveis, excloses les adquisicions d&#8217;immobilitzat, passa de 150.000 euros a 250.000 euros.<\/p>\n<p>Paral\u00b7lelament, s&#8217;estenen a 2019 els l\u00edmits que determinen l&#8217;exclusi\u00f3 dels r\u00e8gims especials en l&#8217;IVA vinculats amb l&#8217;esmentat m\u00e8tode d&#8217;estimaci\u00f3 objectiva (r\u00e8gim simplificat i r\u00e8gim especial de l&#8217;agricultura, ramaderia i pesca).<\/p>\n<p>Finalment, es fixa un nou termini per a presentar les ren\u00fancies o revocacions als citats m\u00e8todes i r\u00e8gims especials, que ser\u00e0 d&#8217;un mes a partir del 30 de desembre de 2018. Les ren\u00fancies i revocacions presentades per a 2019 al desembre de 2018 s&#8217;entendran presentades en per\u00edode h\u00e0bil, per\u00f2 es podran modificar en un mes des del 30 de desembre de 2018.<\/p>\n<p>2. IMPOST DE SOCIETATS<\/p>\n<p>2.1 Adaptaci\u00f3 de la Llei de l&#8217;Impost de societats a la Circular 4\/2017 del Banc d&#8217;Espanya<\/p>\n<p>Amb efectes per a per\u00edodes impositius que s&#8217;inici\u00efn a partir d&#8217;1 de gener de 2018, es modifica la Llei de l&#8217;Impost de societats (LIS)\u00a0a fi d&#8217;introduir en l&#8217;Impost de societats els efectes de la Circular 4\/2017, de 27 de novembre, del Banc d&#8217;Espanya, a entitats de cr\u00e8dit, sobre normes d&#8217;informaci\u00f3 financera p\u00fablica i reservada, i models d&#8217;estats financers.<\/p>\n<p>La comptabilitzaci\u00f3 de la primera aplicaci\u00f3 dels canvis que la Circular 4\/2017 incorpora es realitzar\u00e0, excepte algunes excepcions expressament recollides en la norma, de forma retrospectiva, registrant els impactes en reserves. Els c\u00e0rrecs i abonaments a comptes de reserves que es generin en ocasi\u00f3 dels ajustos de primera aplicaci\u00f3 tindran, quan aix\u00ed procedeixi per l&#8217;aplicaci\u00f3 de la normativa reguladora de l&#8217;Impost, efectes fiscals, \u00e9s a dir, hauran de tenir-se en consideraci\u00f3 per a la determinaci\u00f3 de la base imposable de l&#8217;Impost corresponent al per\u00edode impositiu 2018.<\/p>\n<p>A fi d&#8217;atenuar l&#8217;impacte fiscal d&#8217;aquest mandat comptable, s&#8217;estableix un r\u00e8gim transitori per a integrar en la base imposable els citats c\u00e0rrecs i abonaments a comptes de reserves, quan tinguin efectes fiscals d&#8217;acord amb el que es disposa en la normativa de l&#8217;Impost, de manera que aquesta integraci\u00f3 s&#8217;efectuar\u00e0 per parts iguals en la base imposable corresponent a cadascun dels tres primers per\u00edodes impositius que s&#8217;inici\u00efn a partir d&#8217;1 de gener de 2018.<\/p>\n<p>A m\u00e9s, la modificaci\u00f3 de la\u00a0LIS\u00a0es deu als canvis de la Circular 4\/2017 pels quals les inversions en instruments de patrimoni net han de valorar-se a valor raonable amb canvis en resultats, tret que l&#8217;entitat opti irrevocablement i des de l&#8217;inici per recon\u00e8ixer aquests canvis de valor en un altre resultat global.<\/p>\n<p>A fi d&#8217;adaptar els efectes d&#8217;aquesta modificaci\u00f3 a les regles generals de valoraci\u00f3 de l&#8217;Impost i garantir la seva integraci\u00f3 en la base imposable en el moment que causin baixa, es procedeix a modificar la seva norma reguladora, b\u00e9 que, amb una regulaci\u00f3 de car\u00e0cter general, sense refer\u00e8ncia expressa a la Circular.<\/p>\n<p>2.2 Aprovaci\u00f3 de la relaci\u00f3 d&#8217;activitats priorit\u00e0ries de mecenatge<\/p>\n<p>Durant l&#8217;any 2019 es consideraran activitats priorit\u00e0ries de mecenatge les enumerades en la Disposici\u00f3 addicional setantena primera de la Llei 6\/2018, de Pressupostos Generals de l&#8217;Estat per a l&#8217;any 2018. Per a aquestes activitats, com en anys anteriors, els percentatges i l\u00edmits de deduccions prevists en la Llei 49\/2002 s&#8217;elevaran en cinc punts percentuals.<\/p>\n<p>3. IMPOST SOBRE EL PATRIMONI<\/p>\n<p>Amb efectes d&#8217;1 de gener de 2019 i vig\u00e8ncia indefinida, es modifica el Reial decret llei 13\/2011, de 16 de setembre, pel qual es prorroga per a 2019 el manteniment del gravamen de l&#8217;Impost sobre el Patrimoni (IP) per a l&#8217;exercici 2019.<\/p>\n<p>Cal tenir en compte que el Reial decret llei 13\/2011 va restablir l&#8217;IP amb car\u00e0cter temporal per als exercicis 2011 i 2012 (despr\u00e9s de la seva eliminaci\u00f3 pr\u00e0ctica des de 2008 mitjan\u00e7ant l&#8217;aplicaci\u00f3 d&#8217;una bonificaci\u00f3 del 100%). Aquest r\u00e8gim s&#8217;ha vingut ampliant successivament. Ara, l&#8217;RDL 27\/2018 l&#8217;amplia per a 2019, de manera que la bonificaci\u00f3 del 100% no resultar\u00e0 aplicable (en principi) fins a 2020.<\/p>\n<p>En tot cas, no s&#8217;ha d&#8217;oblidar que estem davant una normativa estatal i que algunes Comunitats Aut\u00f2nomes han fet \u00fas de les seves potestats normatives, establint bonificacions espec\u00edfiques. Per tant, s&#8217;haur\u00e0 de tenir en compte la normativa aplicable de la Comunitat Aut\u00f2noma de resid\u00e8ncia.<\/p>\n<p>4. IMPOST SOBRE EL VALOR AFEGIT (IVA)<\/p>\n<p>4.1 Pr\u00f2rroga per a 2019 dels l\u00edmits per a l&#8217;exclusi\u00f3 dels r\u00e8gims simplificat i especial de l&#8217;agricultura, ramaderia i pesca en l&#8217;IVA<\/p>\n<p>Amb efectes des d&#8217;1 de gener de 2019, es modifica la disposici\u00f3 transit\u00f2ria tretzena de la Llei 37\/1992 de l&#8217;IVA, per a prorrogar per al per\u00edode impositiu 2019 els l\u00edmits quantitatius que delimiten l&#8217;\u00e0mbit d&#8217;aplicaci\u00f3 del r\u00e8gim simplificat i del r\u00e8gim especial d&#8217;agricultura, ramaderia i pesca.<\/p>\n<p>Magnituds excloents de car\u00e0cter general:<\/p>\n<p>Volum d&#8217;ingressos l&#8217;any immediat anterior superior a 250.000 euros per al conjunt d&#8217;activitats econ\u00f2miques, excepte les agr\u00edcoles, ramaderes i forestals.<br \/>\nVolum d&#8217;ingressos per al conjunt d&#8217;activitats agr\u00edcoles, forestals i ramaderes superior a 250.000 euros.<br \/>\nVolum de compres i importacions en b\u00e9ns i serveis l&#8217;any immediat anterior, excloses les adquisicions de l&#8217;immobilitzat, superior a 250.000 euros.<br \/>\n5. IMPOST SOBRE B\u00c9NS IMMOBLES (IBI)<\/p>\n<p>5.1 Actualitzaci\u00f3 de valors cadastrals<\/p>\n<p>Com \u00e9s habitual, es fixen els coeficients d&#8217;actualitzaci\u00f3 de valors cadastrals per a l&#8217;any 2019<\/p>\n<p>Els coeficients d&#8217;actualitzaci\u00f3 queden fixats per a 2019 conformement al seg\u00fcent quadre:<\/p>\n<table class=\"tm11 tm12\" border=\"0\" rules=\"all\">\n<thead>\n<tr>\n<td class=\"tm14 tm15 tm16\">\n<p class=\"Normal tm5\">Any d&#8217;entrada en vigor pon\u00e8ncia de valors<\/p>\n<\/td>\n<td class=\"tm14 tm15 tm17\">\n<p class=\"Normal tm5\" style=\"text-align: center;\">Coeficient d&#8217;actualitzaci\u00f3<\/p>\n<\/td>\n<\/tr>\n<\/thead>\n<tbody class=\"tm13\">\n<tr>\n<td class=\"tm14 tm15 tm16\">\n<p class=\"Normal tm5\" style=\"text-align: center;\"><span class=\"tm6\">1984, 1985, 1986, 1987, 1988 i 1989<\/span><\/p>\n<\/td>\n<td class=\"tm14 tm15 tm17\" style=\"text-align: center;\">\n<p class=\"Normal tm5\"><span class=\"tm6\">1,05<\/span><\/p>\n<\/td>\n<\/tr>\n<tr>\n<td class=\"tm14 tm15 tm16\">\n<p class=\"Normal tm5\" style=\"text-align: center;\"><span class=\"tm6\">1990, 1994, 1995, 1996, 1997, 1998, 1999 i 2000<\/span><\/p>\n<\/td>\n<td class=\"tm14 tm15 tm17\">\n<p class=\"Normal tm5\" style=\"text-align: center;\"><span class=\"tm6\">1,03<\/span><\/p>\n<\/td>\n<\/tr>\n<tr>\n<td class=\"tm14 tm15 tm16\">\n<p class=\"Normal tm5\" style=\"text-align: center;\"><span class=\"tm6\">2001, 2002 i 2003<\/span><\/p>\n<\/td>\n<td class=\"tm14 tm15 tm17\">\n<p class=\"Normal tm5\" style=\"text-align: center;\"><span class=\"tm6\">1,02<\/span><\/p>\n<\/td>\n<\/tr>\n<tr>\n<td class=\"tm14 tm15 tm16\" style=\"text-align: center;\">\n<p class=\"Normal tm5\"><span class=\"tm6\">2005, 2006, 2007, 2008, 2009 i 2011<\/span><\/p>\n<\/td>\n<td class=\"tm14 tm15 tm17\">\n<p class=\"Normal tm5\" style=\"text-align: center;\"><span class=\"tm6\">0,97<\/span><\/p>\n<\/td>\n<\/tr>\n<tr>\n<td class=\"tm14 tm15 tm16\" style=\"text-align: center;\">\n<p class=\"Normal tm5\"><span class=\"tm6\">2012 i 2013<\/span><\/p>\n<\/td>\n<td class=\"tm14 tm15 tm17\">\n<p class=\"Normal tm5\" style=\"text-align: center;\"><span class=\"tm6\">0,93<\/span><\/p>\n<\/td>\n<\/tr>\n<\/tbody>\n<\/table>\n<p>Tamb\u00e9 s&#8217;estableix, amb efectes exclusius per a l&#8217;any 2019, la pr\u00f2rroga fins al 31 de juliol de 2019 (i) dels terminis perqu\u00e8 els Ajuntaments els municipis dels quals es trobin culpables en procediments de valoraci\u00f3 col\u00b7lectiva de car\u00e0cter general puguin aprovar un nou tipus de gravamen de l&#8217;IBI, i (ii)\u00a0del termini previst per a l&#8217;aprovaci\u00f3 i publicaci\u00f3 de les pon\u00e8ncies de valors totals. S&#8217;amplia a m\u00e9s fins a aquesta data el termini previst per a la sol\u00b7licitud municipal d&#8217;aplicaci\u00f3 dels coeficients d&#8217;actualitzaci\u00f3 dels valors cadastrals d&#8217;immobles urbans.<\/p>\n<p>6. ALTRES NOVETATS TRIBUT\u00c0RIES<\/p>\n<p>6.1 Reclassificacions de participacions o accions d&#8217;institucions d&#8217;inversi\u00f3 col\u00b7lectiva<\/p>\n<p>S&#8217;estableix un per\u00edode transitori durant el qual les reclassificacions de participacions o accions d&#8217;institucions d&#8217;inversi\u00f3 col\u00b7lectiva realitzades, en el termini compr\u00e8s entre el 3 de gener de 2018 i el 30 de mar\u00e7 de 2019, com a conseq\u00fc\u00e8ncia de les noves exig\u00e8ncies en mat\u00e8ria d&#8217;incentius establertes en la Directiva 2014\/65\/UE del Parlament Europeu i del Consell, de 15 de maig de 2014, relativa als mercats d&#8217;instruments financers i per la qual es modifiquen la Directiva 2002\/92\/CE i la Directiva 2011\/61\/UE (coneguda com\u00a0Mifid\u00a0II), i incorporades al nostre ordenament pel Reial decret llei 14\/2018, de 28 de setembre, pel qual es modifica el text ref\u00f3s de la Llei del Mercat de Valors, aprovat pel Reial decret legislatiu 4\/2015, de 23 d&#8217;octubre, i que tinguin per objecte que el part\u00edcip o accionista deixi de suportar costos associats a incentius, puguin realitzar-se de forma autom\u00e0tica, sense necessitat de recaptar consentiment individualitzat dels part\u00edcips i accionistes als quals s&#8217;apliquin aquestes reclassificacions.<\/p>\n<p>I perqu\u00e8 aquestes reclassificacions no tinguin incid\u00e8ncia tribut\u00e0ria per als inversors es disposa que les mateixa no donaran lloc a l&#8217;obtenci\u00f3 de renda per al part\u00edcip o accionista a l&#8217;efecte de l&#8217;IRPF, de l&#8217;Impost de societats i de l&#8217;Impost sobre la Renda de no Residents, i les noves participacions o accions assignades als part\u00edcips o accionistes reclassificats conservaran el valor i la data d&#8217;adquisici\u00f3 que tinguessin les participacions o accions a les quals substitueixen.<\/p>\n<p>Aquest r\u00e8gim ser\u00e0 tamb\u00e9 d&#8217;aplicaci\u00f3 per a les reclassificacions que es realitzin amb id\u00e8ntica fi (evitar els costos associats a incentius) i en el mateix termini en el cas de les\u00a0IIC\u00a0(o compartiments, classes o s\u00e8ries d&#8217;aquelles) previstes en els articles 94.2.a) de la Llei de l&#8217;IRPF i 53.2 de la Llei de l&#8217;Impost de societats (referents a\u00a0UCITS).<\/p>\n<p>6.2. R\u00e8gim fiscal aplicable a la final de la \u00abUEFA Champions League 2019\u00bb i \u00abUEFA EURO 2020\u00bb<\/p>\n<p>Finalment, en la disposici\u00f3 addicional primera del RDL es regula el r\u00e8gim fiscal aplicable a la final de la \u00abUEFA Champions League 2019\u00bb i \u00abUEFA EURO 2020\u00bb, tant el relatiu a l&#8217;entitat organitzadora i dels equips participants, com el de les persones f\u00edsiques que prestin serveis a l&#8217;entitat organitzadora o als equips participants. Tamb\u00e9 es regula el r\u00e8gim duaner i tributari aplicable a les mercaderies que s&#8217;importin per a afectar-les al desenvolupament i celebraci\u00f3 dels dos esdeveniments aix\u00ed com tot el relatiu a l&#8217;IVA.<\/p>\n<p>6.2.1 R\u00e8gim tributari de l&#8217;entitat organitzadora i dels equips participants<\/p>\n<p>Les persones jur\u00eddiques residents en territori espanyol i els establiments permanents constitu\u00efts amb motiu de la final de la \u00abUEFA Champions League 2019\u00bb i \u00abUEFA EURO 2020\u00bb per l&#8217;entitat organitzadora o pels equips participants estaran exemptes de l&#8217;Impost de societats i del\u00a0IRNR, segons correspongui, per les rendes obtingudes durant la celebraci\u00f3 de l&#8217;esdeveniment que estiguin directament relacionades amb la participaci\u00f3 en ell. Aquesta exempci\u00f3 aconseguir\u00e0 tamb\u00e9 a les rendes obtingudes a Espanya sense establiment permanent per l&#8217;entitat organitzadora de l&#8217;esdeveniment o els equips participants.<\/p>\n<p>6.6.2 R\u00e8gim tributari de les persones f\u00edsiques que prestin serveis a l&#8217;entitat organitzadora o als equips participants<\/p>\n<p>No es consideraran obtingudes a Espanya (i, per tant, no tributaran en aquest Estat) les rendes que percebin les persones f\u00edsiques no residents a Espanya pels serveis que prestin a l&#8217;entitat organitzadora o als equips participants.<\/p>\n<p>Les persones f\u00edsiques que adquireixin la condici\u00f3 de contribuents de l&#8217;IRPF com a conseq\u00fc\u00e8ncia del seu despla\u00e7ament a territori espanyol amb motiu de la final podran optar per tributar com no residents pel\u00a0IRNR\u00a0en els termes i condicions prevists en el r\u00e8gim especial aplicable als treballadors despla\u00e7ats a territori espanyol de l&#8217;IRPF (&#8220;r\u00e8gim de\u00a0impatriados&#8221;).<\/p>\n<p>6.6.3 R\u00e8gim duaner<\/p>\n<p>Encara que, en termes generals, el r\u00e8gim duaner aplicable a les mercaderies que s&#8217;importin per a la seva utilitzaci\u00f3 en la celebraci\u00f3 i desenvolupament de la final ser\u00e0 el generalment establert pel Codi Duaner de la Uni\u00f3 Europea (i altra normativa duanera aplicable), es permet que aquestes mercaderies es vinculin al r\u00e8gim duaner d&#8217;importaci\u00f3 temporal per un termini m\u00e0xim de 24 mesos que, en tot cas, expirar\u00e0, com a m\u00e9s tard, el 31 de desembre de l&#8217;any seg\u00fcent al de la finalitzaci\u00f3 de l&#8217;esdeveniment.<\/p>\n<p>6.6.4 Impost sobre el Valor Afegit<\/p>\n<p>Pel que fa a aquest impost, s&#8217;introdueix el seg\u00fcent r\u00e8gim especial:<\/p>\n<p>No s&#8217;exigir\u00e0 el requisit de &#8220;reciprocitat&#8221; per a la devoluci\u00f3 a empresaris o professionals no establerts a la Uni\u00f3 Europea de les quotes d&#8217;IVA suportades o satisfetes com a conseq\u00fc\u00e8ncia de la realitzaci\u00f3 d&#8217;operacions relacionades amb la celebraci\u00f3 de la final d&#8217;aquests esdeveniments.<br \/>\nEls subjectes passius no establerts en la Comunitat Europea, Can\u00e0ries, Ceuta o Melilla, o en un Estat amb el qual existeixin instruments d&#8217;assist\u00e8ncia m\u00fatua, no estaran obligats a nomenar un representant a Espanya a l&#8217;efecte de donar compliment a les seves obligacions relacionades amb aquest impost.<br \/>\nEls empresaris o professionals no establerts en el territori d&#8217;aplicaci\u00f3 de l&#8217;impost que tinguin la condici\u00f3 de subjectes passius i que suportin o satisfacin quotes d&#8217;IVA com a conseq\u00fc\u00e8ncia de la realitzaci\u00f3 d&#8217;operacions relacionades amb la final, aix\u00ed com l&#8217;entitat organitzadora i els equips participants, tindran dret a la devoluci\u00f3 d&#8217;aquestes quotes al final de cada per\u00edode de liquidaci\u00f3, que ser\u00e0 mensual. No obstant aix\u00f2, la presentaci\u00f3 de liquidacions mensuals no suposar\u00e0 la necessitat d&#8217;aplicar el sistema de Subministrament Immediat d&#8217;Informaci\u00f3. D&#8217;altra banda, quan es tracti d&#8217;empresaris o professionals no establerts en els quals concorrin els requisits dels articles 119 i 119 bis de la Llei de l&#8217;impost (que regulen els r\u00e8gims especials de devoluci\u00f3 a no establerts), la devoluci\u00f3 de les referides quotes es realitzar\u00e0 conforme a aquests r\u00e8gims especials.<br \/>\nPel que fa a les operacions relacionades amb els b\u00e9ns vinculats al r\u00e8gim d&#8217;importaci\u00f3 temporal amb exempci\u00f3 total de drets, de conformitat amb la novetat descrita en el punt 3.3 anterior, resultar\u00e0 aplicable el r\u00e8gim d&#8217;exempci\u00f3 en IVA previst en la normativa d&#8217;aquest impost relativa a r\u00e8gims duaners i fiscals.<br \/>\nNo s&#8217;assimilar\u00e0 a una adquisici\u00f3 intracomunit\u00e0ria de b\u00e9ns a l&#8217;efecte de l&#8217;IVA la transfer\u00e8ncia per un subjecte passiu amb destinaci\u00f3 a Espanya de b\u00e9ns corporals de la seva empresa que s&#8217;utilitzin temporalment en la celebraci\u00f3 i desenvolupament de la final per un per\u00edode que no excedeixi de 24 mesos o, com a m\u00e0xim, fins al 31 de desembre de l&#8217;any seg\u00fcent al de la finalitzaci\u00f3 d&#8217;aquests esdeveniments.<br \/>\nNo s&#8217;entendran localitzats a Espanya per aplicaci\u00f3 de la regla especial d&#8217;utilitzaci\u00f3 o explotaci\u00f3 efectiva els serveis que es poguessin prestar a empresaris o professionals no residents a la UE per les persones jur\u00eddiques residents a Espanya constitu\u00efdes per l&#8217;entitat organitzadora amb motiu de la celebraci\u00f3 i desenvolupament de la final o pels equips participants sempre que aquests serveis estiguin en relaci\u00f3 amb l&#8217;organitzaci\u00f3, la promoci\u00f3 o el suport d&#8217;aquests esdeveniments.<\/p>\n","protected":false},"excerpt":{"rendered":"<p>Es resumeixen a continuaci\u00f3 les principals novetats, amb expressa indicaci\u00f3 de la data en la qual produeixen efectes quan no coincideixi amb la referida data d&#8217;entrada en vigor. 1. IRPF 1.1 Prestacions per maternitat o paternitat Com a conseq\u00fc\u00e8ncia de la Sent\u00e8ncia del Tribunal Suprem de 3 d&#8217;octubre de 2018, es modifica la Llei 35\/2006<\/p>\n","protected":false},"author":2,"featured_media":0,"comment_status":"closed","ping_status":"closed","sticky":false,"template":"","format":"standard","meta":{"footnotes":""},"categories":[48,50,46],"tags":[],"class_list":["post-1743","post","type-post","status-publish","format-standard","hentry","category-fiscal-ca","category-mercantil-ca","category-pere-sbert-ca"],"yoast_head":"<!-- This site is optimized with the Yoast SEO plugin v25.9 - https:\/\/yoast.com\/wordpress\/plugins\/seo\/ -->\n<title>Aprovades mesures urgents en mat\u00e8ria tribut\u00e0ria i cadastral - AFIESA<\/title>\n<meta name=\"robots\" content=\"index, follow, max-snippet:-1, max-image-preview:large, max-video-preview:-1\" \/>\n<link rel=\"canonical\" href=\"https:\/\/www.afiesa.com\/ca\/aprovades-mesures-urgents-en-materia-tributaria-i-cadastral\/\" \/>\n<meta property=\"og:locale\" content=\"ca_ES\" \/>\n<meta property=\"og:type\" content=\"article\" \/>\n<meta property=\"og:title\" content=\"Aprovades mesures urgents en mat\u00e8ria tribut\u00e0ria i cadastral - AFIESA\" \/>\n<meta property=\"og:description\" content=\"Es resumeixen a continuaci\u00f3 les principals novetats, amb expressa indicaci\u00f3 de la data en la qual produeixen efectes quan no coincideixi amb la referida data d&#8217;entrada en vigor. 1. IRPF 1.1 Prestacions per maternitat o paternitat Com a conseq\u00fc\u00e8ncia de la Sent\u00e8ncia del Tribunal Suprem de 3 d&#8217;octubre de 2018, es modifica la Llei 35\/2006\" \/>\n<meta property=\"og:url\" content=\"https:\/\/www.afiesa.com\/ca\/aprovades-mesures-urgents-en-materia-tributaria-i-cadastral\/\" \/>\n<meta property=\"og:site_name\" content=\"AFIESA\" \/>\n<meta property=\"article:published_time\" content=\"2019-06-21T08:20:38+00:00\" \/>\n<meta name=\"author\" content=\"Pere Sbert\" \/>\n<meta name=\"twitter:card\" content=\"summary_large_image\" \/>\n<meta name=\"twitter:label1\" content=\"Escrit per\" \/>\n\t<meta name=\"twitter:data1\" content=\"Pere Sbert\" \/>\n\t<meta name=\"twitter:label2\" content=\"Temps estimat de lectura\" \/>\n\t<meta name=\"twitter:data2\" content=\"13 minuts\" \/>\n<script type=\"application\/ld+json\" class=\"yoast-schema-graph\">{\"@context\":\"https:\/\/schema.org\",\"@graph\":[{\"@type\":\"WebPage\",\"@id\":\"https:\/\/www.afiesa.com\/ca\/aprovades-mesures-urgents-en-materia-tributaria-i-cadastral\/\",\"url\":\"https:\/\/www.afiesa.com\/ca\/aprovades-mesures-urgents-en-materia-tributaria-i-cadastral\/\",\"name\":\"Aprovades mesures urgents en mat\u00e8ria tribut\u00e0ria i cadastral - AFIESA\",\"isPartOf\":{\"@id\":\"https:\/\/www.afiesa.com\/#website\"},\"datePublished\":\"2019-06-21T08:20:38+00:00\",\"author\":{\"@id\":\"https:\/\/www.afiesa.com\/#\/schema\/person\/5b143f12bb3627bb3f25e8a5a75a638f\"},\"breadcrumb\":{\"@id\":\"https:\/\/www.afiesa.com\/ca\/aprovades-mesures-urgents-en-materia-tributaria-i-cadastral\/#breadcrumb\"},\"inLanguage\":\"ca\",\"potentialAction\":[{\"@type\":\"ReadAction\",\"target\":[\"https:\/\/www.afiesa.com\/ca\/aprovades-mesures-urgents-en-materia-tributaria-i-cadastral\/\"]}]},{\"@type\":\"BreadcrumbList\",\"@id\":\"https:\/\/www.afiesa.com\/ca\/aprovades-mesures-urgents-en-materia-tributaria-i-cadastral\/#breadcrumb\",\"itemListElement\":[{\"@type\":\"ListItem\",\"position\":1,\"name\":\"Portada\",\"item\":\"https:\/\/www.afiesa.com\/ca\/\"},{\"@type\":\"ListItem\",\"position\":2,\"name\":\"Aprovades mesures urgents en mat\u00e8ria tribut\u00e0ria i cadastral\"}]},{\"@type\":\"WebSite\",\"@id\":\"https:\/\/www.afiesa.com\/#website\",\"url\":\"https:\/\/www.afiesa.com\/\",\"name\":\"AFIESA\",\"description\":\"Gestor\u00eda\",\"potentialAction\":[{\"@type\":\"SearchAction\",\"target\":{\"@type\":\"EntryPoint\",\"urlTemplate\":\"https:\/\/www.afiesa.com\/?s={search_term_string}\"},\"query-input\":{\"@type\":\"PropertyValueSpecification\",\"valueRequired\":true,\"valueName\":\"search_term_string\"}}],\"inLanguage\":\"ca\"},{\"@type\":\"Person\",\"@id\":\"https:\/\/www.afiesa.com\/#\/schema\/person\/5b143f12bb3627bb3f25e8a5a75a638f\",\"name\":\"Pere Sbert\",\"image\":{\"@type\":\"ImageObject\",\"inLanguage\":\"ca\",\"@id\":\"https:\/\/www.afiesa.com\/#\/schema\/person\/image\/\",\"url\":\"https:\/\/secure.gravatar.com\/avatar\/19d7d7a2fa30cb2610194589853bb0e30399b53150df754858f68d41d4f5d4e5?s=96&d=mm&r=g\",\"contentUrl\":\"https:\/\/secure.gravatar.com\/avatar\/19d7d7a2fa30cb2610194589853bb0e30399b53150df754858f68d41d4f5d4e5?s=96&d=mm&r=g\",\"caption\":\"Pere Sbert\"}}]}<\/script>\n<!-- \/ Yoast SEO plugin. -->","yoast_head_json":{"title":"Aprovades mesures urgents en mat\u00e8ria tribut\u00e0ria i cadastral - AFIESA","robots":{"index":"index","follow":"follow","max-snippet":"max-snippet:-1","max-image-preview":"max-image-preview:large","max-video-preview":"max-video-preview:-1"},"canonical":"https:\/\/www.afiesa.com\/ca\/aprovades-mesures-urgents-en-materia-tributaria-i-cadastral\/","og_locale":"ca_ES","og_type":"article","og_title":"Aprovades mesures urgents en mat\u00e8ria tribut\u00e0ria i cadastral - AFIESA","og_description":"Es resumeixen a continuaci\u00f3 les principals novetats, amb expressa indicaci\u00f3 de la data en la qual produeixen efectes quan no coincideixi amb la referida data d&#8217;entrada en vigor. 1. IRPF 1.1 Prestacions per maternitat o paternitat Com a conseq\u00fc\u00e8ncia de la Sent\u00e8ncia del Tribunal Suprem de 3 d&#8217;octubre de 2018, es modifica la Llei 35\/2006","og_url":"https:\/\/www.afiesa.com\/ca\/aprovades-mesures-urgents-en-materia-tributaria-i-cadastral\/","og_site_name":"AFIESA","article_published_time":"2019-06-21T08:20:38+00:00","author":"Pere Sbert","twitter_card":"summary_large_image","twitter_misc":{"Escrit per":"Pere Sbert","Temps estimat de lectura":"13 minuts"},"schema":{"@context":"https:\/\/schema.org","@graph":[{"@type":"WebPage","@id":"https:\/\/www.afiesa.com\/ca\/aprovades-mesures-urgents-en-materia-tributaria-i-cadastral\/","url":"https:\/\/www.afiesa.com\/ca\/aprovades-mesures-urgents-en-materia-tributaria-i-cadastral\/","name":"Aprovades mesures urgents en mat\u00e8ria tribut\u00e0ria i cadastral - AFIESA","isPartOf":{"@id":"https:\/\/www.afiesa.com\/#website"},"datePublished":"2019-06-21T08:20:38+00:00","author":{"@id":"https:\/\/www.afiesa.com\/#\/schema\/person\/5b143f12bb3627bb3f25e8a5a75a638f"},"breadcrumb":{"@id":"https:\/\/www.afiesa.com\/ca\/aprovades-mesures-urgents-en-materia-tributaria-i-cadastral\/#breadcrumb"},"inLanguage":"ca","potentialAction":[{"@type":"ReadAction","target":["https:\/\/www.afiesa.com\/ca\/aprovades-mesures-urgents-en-materia-tributaria-i-cadastral\/"]}]},{"@type":"BreadcrumbList","@id":"https:\/\/www.afiesa.com\/ca\/aprovades-mesures-urgents-en-materia-tributaria-i-cadastral\/#breadcrumb","itemListElement":[{"@type":"ListItem","position":1,"name":"Portada","item":"https:\/\/www.afiesa.com\/ca\/"},{"@type":"ListItem","position":2,"name":"Aprovades mesures urgents en mat\u00e8ria tribut\u00e0ria i cadastral"}]},{"@type":"WebSite","@id":"https:\/\/www.afiesa.com\/#website","url":"https:\/\/www.afiesa.com\/","name":"AFIESA","description":"Gestor\u00eda","potentialAction":[{"@type":"SearchAction","target":{"@type":"EntryPoint","urlTemplate":"https:\/\/www.afiesa.com\/?s={search_term_string}"},"query-input":{"@type":"PropertyValueSpecification","valueRequired":true,"valueName":"search_term_string"}}],"inLanguage":"ca"},{"@type":"Person","@id":"https:\/\/www.afiesa.com\/#\/schema\/person\/5b143f12bb3627bb3f25e8a5a75a638f","name":"Pere Sbert","image":{"@type":"ImageObject","inLanguage":"ca","@id":"https:\/\/www.afiesa.com\/#\/schema\/person\/image\/","url":"https:\/\/secure.gravatar.com\/avatar\/19d7d7a2fa30cb2610194589853bb0e30399b53150df754858f68d41d4f5d4e5?s=96&d=mm&r=g","contentUrl":"https:\/\/secure.gravatar.com\/avatar\/19d7d7a2fa30cb2610194589853bb0e30399b53150df754858f68d41d4f5d4e5?s=96&d=mm&r=g","caption":"Pere Sbert"}}]}},"_links":{"self":[{"href":"https:\/\/www.afiesa.com\/ca\/wp-json\/wp\/v2\/posts\/1743","targetHints":{"allow":["GET"]}}],"collection":[{"href":"https:\/\/www.afiesa.com\/ca\/wp-json\/wp\/v2\/posts"}],"about":[{"href":"https:\/\/www.afiesa.com\/ca\/wp-json\/wp\/v2\/types\/post"}],"author":[{"embeddable":true,"href":"https:\/\/www.afiesa.com\/ca\/wp-json\/wp\/v2\/users\/2"}],"replies":[{"embeddable":true,"href":"https:\/\/www.afiesa.com\/ca\/wp-json\/wp\/v2\/comments?post=1743"}],"version-history":[{"count":0,"href":"https:\/\/www.afiesa.com\/ca\/wp-json\/wp\/v2\/posts\/1743\/revisions"}],"wp:attachment":[{"href":"https:\/\/www.afiesa.com\/ca\/wp-json\/wp\/v2\/media?parent=1743"}],"wp:term":[{"taxonomy":"category","embeddable":true,"href":"https:\/\/www.afiesa.com\/ca\/wp-json\/wp\/v2\/categories?post=1743"},{"taxonomy":"post_tag","embeddable":true,"href":"https:\/\/www.afiesa.com\/ca\/wp-json\/wp\/v2\/tags?post=1743"}],"curies":[{"name":"wp","href":"https:\/\/api.w.org\/{rel}","templated":true}]}}