{"id":1742,"date":"2019-06-21T08:17:54","date_gmt":"2019-06-21T08:17:54","guid":{"rendered":"https:\/\/www.afiesa.com\/hisenda-rebutja-la-deduccio-dels-donatius-a-favor-de-les-escoles-concertades\/"},"modified":"2019-06-21T08:17:54","modified_gmt":"2019-06-21T08:17:54","slug":"hisenda-rebutja-la-deduccio-dels-donatius-a-favor-de-les-escoles-concertades","status":"publish","type":"post","link":"https:\/\/www.afiesa.com\/ca\/hisenda-rebutja-la-deduccio-dels-donatius-a-favor-de-les-escoles-concertades\/","title":{"rendered":"Hisenda rebutja la deducci\u00f3 dels donatius a favor de les escoles concertades"},"content":{"rendered":"<p>En data 5 de febrer de 2019, el Ministeri d&#8217;Hisenda ha em\u00e8s un comunicat acosta la deducci\u00f3 en l&#8217;IRPF dels donatius de les fam\u00edlies a favor de les escoles concertades. En ell es reitera que no existeix una campanya de revisi\u00f3 de la\u00a0deducci\u00f3 dels citats donatius, sin\u00f3 que simplement es realitzen controls puntuals. Aquests donatius, quan tinguin el car\u00e0cter de purs, simple i irreversibles, gaudiran de la deducci\u00f3 establerta en la Llei 49\/2002, r\u00e8gim fiscal de les entitats sense finalitats lucratives i dels incentius fiscals al mecenatge, mentre que si constitueixen un finan\u00e7ament ordinari de l&#8217;activitat de l&#8217;escola, perdran la condici\u00f3 de dedu\u00efbles.<\/p>\n<p>En data 5 de febrer de 2019, el Ministeri d&#8217;Hisenda ha em\u00e8s un comunicat acosta la deducci\u00f3 en l&#8217;IRPF dels donatius de les fam\u00edlies a favor de les escoles concertades.<\/p>\n<p>El Ministeri d&#8217;Hisenda reitera que no existeix una campanya general d&#8217;inspecci\u00f3 de l&#8217;Ag\u00e8ncia Tribut\u00e0ria sobre els donatius en col\u00b7legis concertats. Simplement es realitzen controls puntuals des de fa temps en diferents punts del territori.<\/p>\n<p>La deducci\u00f3 per donatius en l&#8217;IRPF est\u00e0 regulada en l&#8217;article 68.3 de la Llei 35\/2006 de l&#8217;Impost sobre la Renda de les Persones F\u00edsiques i en la Llei 49\/2002 de R\u00e8gim Fiscal de les Entitats sense Finalitats Lucratives i dels Incentius Fiscals al Mecenatge.<\/p>\n<p>Els donatius que alguns pares realitzen a fundacions de col\u00b7legis concertats seran dedu\u00efbles en l&#8217;IRPF si compleixen els requisits legals. En casos puntuals, l&#8217;Ag\u00e8ncia Tribut\u00e0ria ha detectat que un donatiu no era tal i ha exigit la seva regularitzaci\u00f3. La regularitzaci\u00f3 es produeix quan l&#8217;Ag\u00e8ncia Tribut\u00e0ria detecta una contraprestaci\u00f3 per aquest pagament; \u00e9s a dir, quan el suposat donatiu no t\u00e9 car\u00e0cter voluntari i finan\u00e7a una activitat ordin\u00e0ria del col\u00b7legi que repercuteix en l&#8217;alumne. Per tant, no s&#8217;ha produ\u00eft cap canvi legal ni de criteri. L&#8217;actuaci\u00f3 de l&#8217;Ag\u00e8ncia Tribut\u00e0ria en aquest \u00e0mbit continua sent la mateixa que en els \u00faltims anys i, com no pot ser d&#8217;una altra manera, s&#8217;exigir\u00e0 la regularitzaci\u00f3 quan es detecti que un contribuent s&#8217;ha dedu\u00eft com a donaci\u00f3 el que en realitat \u00e9s el pagament per un servei.<\/p>\n<p>Aquesta problem\u00e0tica no afecta en res a les deduccions fiscals vigents en l&#8217;IRPF que existeixen en l&#8217;\u00e0mbit de l&#8217;ensenyament en algunes comunitats aut\u00f2nomes.<\/p>\n","protected":false},"excerpt":{"rendered":"<p>En data 5 de febrer de 2019, el Ministeri d&#8217;Hisenda ha em\u00e8s un comunicat acosta la deducci\u00f3 en l&#8217;IRPF dels donatius de les fam\u00edlies a favor de les escoles concertades. En ell es reitera que no existeix una campanya de revisi\u00f3 de la\u00a0deducci\u00f3 dels citats donatius, sin\u00f3 que simplement es realitzen controls puntuals. Aquests donatius,<\/p>\n","protected":false},"author":2,"featured_media":0,"comment_status":"closed","ping_status":"closed","sticky":false,"template":"","format":"standard","meta":{"footnotes":""},"categories":[42,48,46],"tags":[],"class_list":["post-1742","post","type-post","status-publish","format-standard","hentry","category-autonoms-ca","category-fiscal-ca","category-pere-sbert-ca"],"yoast_head":"<!-- This site is optimized with the Yoast SEO plugin v25.9 - https:\/\/yoast.com\/wordpress\/plugins\/seo\/ -->\n<title>Hisenda rebutja la deducci\u00f3 dels donatius a favor de les escoles concertades - AFIESA<\/title>\n<meta name=\"robots\" content=\"index, follow, max-snippet:-1, max-image-preview:large, max-video-preview:-1\" \/>\n<link rel=\"canonical\" href=\"https:\/\/www.afiesa.com\/ca\/hisenda-rebutja-la-deduccio-dels-donatius-a-favor-de-les-escoles-concertades\/\" \/>\n<meta property=\"og:locale\" content=\"ca_ES\" \/>\n<meta property=\"og:type\" content=\"article\" \/>\n<meta property=\"og:title\" content=\"Hisenda rebutja la deducci\u00f3 dels donatius a favor de les escoles concertades - AFIESA\" \/>\n<meta property=\"og:description\" content=\"En data 5 de febrer de 2019, el Ministeri d&#8217;Hisenda ha em\u00e8s un comunicat acosta la deducci\u00f3 en l&#8217;IRPF dels donatius de les fam\u00edlies a favor de les escoles concertades. En ell es reitera que no existeix una campanya de revisi\u00f3 de la\u00a0deducci\u00f3 dels citats donatius, sin\u00f3 que simplement es realitzen controls puntuals. Aquests donatius,\" \/>\n<meta property=\"og:url\" content=\"https:\/\/www.afiesa.com\/ca\/hisenda-rebutja-la-deduccio-dels-donatius-a-favor-de-les-escoles-concertades\/\" \/>\n<meta property=\"og:site_name\" content=\"AFIESA\" \/>\n<meta property=\"article:published_time\" content=\"2019-06-21T08:17:54+00:00\" \/>\n<meta name=\"author\" content=\"Pere Sbert\" \/>\n<meta name=\"twitter:card\" content=\"summary_large_image\" \/>\n<meta name=\"twitter:label1\" content=\"Escrit per\" \/>\n\t<meta name=\"twitter:data1\" content=\"Pere Sbert\" \/>\n\t<meta name=\"twitter:label2\" content=\"Temps estimat de lectura\" \/>\n\t<meta name=\"twitter:data2\" content=\"2 minuts\" \/>\n<script type=\"application\/ld+json\" class=\"yoast-schema-graph\">{\"@context\":\"https:\/\/schema.org\",\"@graph\":[{\"@type\":\"WebPage\",\"@id\":\"https:\/\/www.afiesa.com\/ca\/hisenda-rebutja-la-deduccio-dels-donatius-a-favor-de-les-escoles-concertades\/\",\"url\":\"https:\/\/www.afiesa.com\/ca\/hisenda-rebutja-la-deduccio-dels-donatius-a-favor-de-les-escoles-concertades\/\",\"name\":\"Hisenda rebutja la deducci\u00f3 dels donatius a favor de les escoles concertades - AFIESA\",\"isPartOf\":{\"@id\":\"https:\/\/www.afiesa.com\/#website\"},\"datePublished\":\"2019-06-21T08:17:54+00:00\",\"author\":{\"@id\":\"https:\/\/www.afiesa.com\/#\/schema\/person\/5b143f12bb3627bb3f25e8a5a75a638f\"},\"breadcrumb\":{\"@id\":\"https:\/\/www.afiesa.com\/ca\/hisenda-rebutja-la-deduccio-dels-donatius-a-favor-de-les-escoles-concertades\/#breadcrumb\"},\"inLanguage\":\"ca\",\"potentialAction\":[{\"@type\":\"ReadAction\",\"target\":[\"https:\/\/www.afiesa.com\/ca\/hisenda-rebutja-la-deduccio-dels-donatius-a-favor-de-les-escoles-concertades\/\"]}]},{\"@type\":\"BreadcrumbList\",\"@id\":\"https:\/\/www.afiesa.com\/ca\/hisenda-rebutja-la-deduccio-dels-donatius-a-favor-de-les-escoles-concertades\/#breadcrumb\",\"itemListElement\":[{\"@type\":\"ListItem\",\"position\":1,\"name\":\"Portada\",\"item\":\"https:\/\/www.afiesa.com\/ca\/\"},{\"@type\":\"ListItem\",\"position\":2,\"name\":\"Hisenda rebutja la deducci\u00f3 dels donatius a favor de les escoles concertades\"}]},{\"@type\":\"WebSite\",\"@id\":\"https:\/\/www.afiesa.com\/#website\",\"url\":\"https:\/\/www.afiesa.com\/\",\"name\":\"AFIESA\",\"description\":\"Gestor\u00eda\",\"potentialAction\":[{\"@type\":\"SearchAction\",\"target\":{\"@type\":\"EntryPoint\",\"urlTemplate\":\"https:\/\/www.afiesa.com\/?s={search_term_string}\"},\"query-input\":{\"@type\":\"PropertyValueSpecification\",\"valueRequired\":true,\"valueName\":\"search_term_string\"}}],\"inLanguage\":\"ca\"},{\"@type\":\"Person\",\"@id\":\"https:\/\/www.afiesa.com\/#\/schema\/person\/5b143f12bb3627bb3f25e8a5a75a638f\",\"name\":\"Pere Sbert\",\"image\":{\"@type\":\"ImageObject\",\"inLanguage\":\"ca\",\"@id\":\"https:\/\/www.afiesa.com\/#\/schema\/person\/image\/\",\"url\":\"https:\/\/secure.gravatar.com\/avatar\/19d7d7a2fa30cb2610194589853bb0e30399b53150df754858f68d41d4f5d4e5?s=96&d=mm&r=g\",\"contentUrl\":\"https:\/\/secure.gravatar.com\/avatar\/19d7d7a2fa30cb2610194589853bb0e30399b53150df754858f68d41d4f5d4e5?s=96&d=mm&r=g\",\"caption\":\"Pere Sbert\"}}]}<\/script>\n<!-- \/ Yoast SEO plugin. -->","yoast_head_json":{"title":"Hisenda rebutja la deducci\u00f3 dels donatius a favor de les escoles concertades - AFIESA","robots":{"index":"index","follow":"follow","max-snippet":"max-snippet:-1","max-image-preview":"max-image-preview:large","max-video-preview":"max-video-preview:-1"},"canonical":"https:\/\/www.afiesa.com\/ca\/hisenda-rebutja-la-deduccio-dels-donatius-a-favor-de-les-escoles-concertades\/","og_locale":"ca_ES","og_type":"article","og_title":"Hisenda rebutja la deducci\u00f3 dels donatius a favor de les escoles concertades - AFIESA","og_description":"En data 5 de febrer de 2019, el Ministeri d&#8217;Hisenda ha em\u00e8s un comunicat acosta la deducci\u00f3 en l&#8217;IRPF dels donatius de les fam\u00edlies a favor de les escoles concertades. En ell es reitera que no existeix una campanya de revisi\u00f3 de la\u00a0deducci\u00f3 dels citats donatius, sin\u00f3 que simplement es realitzen controls puntuals. Aquests donatius,","og_url":"https:\/\/www.afiesa.com\/ca\/hisenda-rebutja-la-deduccio-dels-donatius-a-favor-de-les-escoles-concertades\/","og_site_name":"AFIESA","article_published_time":"2019-06-21T08:17:54+00:00","author":"Pere Sbert","twitter_card":"summary_large_image","twitter_misc":{"Escrit per":"Pere Sbert","Temps estimat de lectura":"2 minuts"},"schema":{"@context":"https:\/\/schema.org","@graph":[{"@type":"WebPage","@id":"https:\/\/www.afiesa.com\/ca\/hisenda-rebutja-la-deduccio-dels-donatius-a-favor-de-les-escoles-concertades\/","url":"https:\/\/www.afiesa.com\/ca\/hisenda-rebutja-la-deduccio-dels-donatius-a-favor-de-les-escoles-concertades\/","name":"Hisenda rebutja la deducci\u00f3 dels donatius a favor de les escoles concertades - AFIESA","isPartOf":{"@id":"https:\/\/www.afiesa.com\/#website"},"datePublished":"2019-06-21T08:17:54+00:00","author":{"@id":"https:\/\/www.afiesa.com\/#\/schema\/person\/5b143f12bb3627bb3f25e8a5a75a638f"},"breadcrumb":{"@id":"https:\/\/www.afiesa.com\/ca\/hisenda-rebutja-la-deduccio-dels-donatius-a-favor-de-les-escoles-concertades\/#breadcrumb"},"inLanguage":"ca","potentialAction":[{"@type":"ReadAction","target":["https:\/\/www.afiesa.com\/ca\/hisenda-rebutja-la-deduccio-dels-donatius-a-favor-de-les-escoles-concertades\/"]}]},{"@type":"BreadcrumbList","@id":"https:\/\/www.afiesa.com\/ca\/hisenda-rebutja-la-deduccio-dels-donatius-a-favor-de-les-escoles-concertades\/#breadcrumb","itemListElement":[{"@type":"ListItem","position":1,"name":"Portada","item":"https:\/\/www.afiesa.com\/ca\/"},{"@type":"ListItem","position":2,"name":"Hisenda rebutja la deducci\u00f3 dels donatius a favor de les escoles concertades"}]},{"@type":"WebSite","@id":"https:\/\/www.afiesa.com\/#website","url":"https:\/\/www.afiesa.com\/","name":"AFIESA","description":"Gestor\u00eda","potentialAction":[{"@type":"SearchAction","target":{"@type":"EntryPoint","urlTemplate":"https:\/\/www.afiesa.com\/?s={search_term_string}"},"query-input":{"@type":"PropertyValueSpecification","valueRequired":true,"valueName":"search_term_string"}}],"inLanguage":"ca"},{"@type":"Person","@id":"https:\/\/www.afiesa.com\/#\/schema\/person\/5b143f12bb3627bb3f25e8a5a75a638f","name":"Pere Sbert","image":{"@type":"ImageObject","inLanguage":"ca","@id":"https:\/\/www.afiesa.com\/#\/schema\/person\/image\/","url":"https:\/\/secure.gravatar.com\/avatar\/19d7d7a2fa30cb2610194589853bb0e30399b53150df754858f68d41d4f5d4e5?s=96&d=mm&r=g","contentUrl":"https:\/\/secure.gravatar.com\/avatar\/19d7d7a2fa30cb2610194589853bb0e30399b53150df754858f68d41d4f5d4e5?s=96&d=mm&r=g","caption":"Pere Sbert"}}]}},"_links":{"self":[{"href":"https:\/\/www.afiesa.com\/ca\/wp-json\/wp\/v2\/posts\/1742","targetHints":{"allow":["GET"]}}],"collection":[{"href":"https:\/\/www.afiesa.com\/ca\/wp-json\/wp\/v2\/posts"}],"about":[{"href":"https:\/\/www.afiesa.com\/ca\/wp-json\/wp\/v2\/types\/post"}],"author":[{"embeddable":true,"href":"https:\/\/www.afiesa.com\/ca\/wp-json\/wp\/v2\/users\/2"}],"replies":[{"embeddable":true,"href":"https:\/\/www.afiesa.com\/ca\/wp-json\/wp\/v2\/comments?post=1742"}],"version-history":[{"count":0,"href":"https:\/\/www.afiesa.com\/ca\/wp-json\/wp\/v2\/posts\/1742\/revisions"}],"wp:attachment":[{"href":"https:\/\/www.afiesa.com\/ca\/wp-json\/wp\/v2\/media?parent=1742"}],"wp:term":[{"taxonomy":"category","embeddable":true,"href":"https:\/\/www.afiesa.com\/ca\/wp-json\/wp\/v2\/categories?post=1742"},{"taxonomy":"post_tag","embeddable":true,"href":"https:\/\/www.afiesa.com\/ca\/wp-json\/wp\/v2\/tags?post=1742"}],"curies":[{"name":"wp","href":"https:\/\/api.w.org\/{rel}","templated":true}]}}