{"id":1740,"date":"2019-06-21T08:14:40","date_gmt":"2019-06-21T08:14:40","guid":{"rendered":"https:\/\/www.afiesa.com\/pot-un-treballador-autonom-contractar-a-un-familiar-per-temps-indefinit\/"},"modified":"2019-06-21T08:14:40","modified_gmt":"2019-06-21T08:14:40","slug":"pot-un-treballador-autonom-contractar-a-un-familiar-per-temps-indefinit","status":"publish","type":"post","link":"https:\/\/www.afiesa.com\/ca\/pot-un-treballador-autonom-contractar-a-un-familiar-per-temps-indefinit\/","title":{"rendered":"Pot un treballador aut\u00f2nom contractar a un familiar per temps indefinit?"},"content":{"rendered":"<p>Els aut\u00f2noms poden contractar com a treballadors per compte d&#8217;altri, per temps indefinit &#8211; i jornada completa o parcial &#8211; al seu c\u00f2njuge, ascendents, descendents i altres parents per consanguinitat o afinitat, fins al segon grau inclusivament amb una bonificaci\u00f3 del 100 per 100 en la quota empresarial per conting\u00e8ncies comunes durant un per\u00edode de 12 mesos.<\/p>\n<p>\u00c9s aut\u00f2nom i est\u00e0 pensant a incorporar a la seva plantilla algun familiar? Li recordem que la Llei 6\/2017 de reforma dels aut\u00f2noms va establir una bonificaci\u00f3 del 100% sobre la quota per conting\u00e8ncies comunes durant tot un any en cas de contractaci\u00f3 indefinida d&#8217;un familiar o parent per consanguinitat o afinitat de fins a segon grau.<\/p>\n<p>La Seguretat Social ha obert la m\u00e0 en els \u00faltims anys, en el que contractacions de familiars d&#8217;aut\u00f2noms es refereix. En l&#8217;actualitat, i complint uns requisits que veurem a continuaci\u00f3, \u00e9s possible contractar a familiars com a indefinits. Una opci\u00f3 que, amb anterioritat, no era possible. Tot familiar havia de convertir-se en &#8220;aut\u00f2nom col\u00b7laborador&#8221;, si volia ajudar en el negoci d&#8217;un altre aut\u00f2nom. No obstant aix\u00f2, la nova normativa permet la contractaci\u00f3 de familiars a trav\u00e9s del R\u00e8gim General de la Seguretat Social, oferint a m\u00e9s bonificacions per a afavorir aquesta modalitat.<\/p>\n<p>Li expliquem com es pot aprofitar d&#8217;aquesta bonificaci\u00f3 per la contractaci\u00f3 de familiars.<\/p>\n<p>Requisits dels treballadors<\/p>\n<p>Ser c\u00f2njuge, ascendents, descendents i altres parents per consanguinitat o afinitat, fins al segon grau inclusivament del treballador aut\u00f2nom.<\/p>\n<p>Estar desocupat i inscrit en l&#8217;oficina d&#8217;ocupaci\u00f3.<\/p>\n<p>Caracter\u00edstiques del contracte<\/p>\n<p>Per temps indefinit a temps complet o parcial.<\/p>\n<p>Requisits del treballador aut\u00f2nom<\/p>\n<p>No haver extingit contractes de treball, b\u00e9 per causes objectives o per acomiadaments disciplinaris que hagin estat declarats judicialment improcedents, b\u00e9 per acomiadaments col\u00b7lectius que hagin estat declarats no ajustats a Dret, en els 12 mesos anteriors a la celebraci\u00f3 del contracte que d\u00f3na dret a la bonificaci\u00f3 prevista.<\/p>\n<p>L&#8217;ocupador haur\u00e0 de mantenir el nivell d&#8217;ocupaci\u00f3 en els 6 mesos posteriors a la celebraci\u00f3 dels contractes que donen dret a la citada bonificaci\u00f3.<\/p>\n<p>A l&#8217;efecte d&#8217;examinar el nivell d&#8217;ocupaci\u00f3 i el seu manteniment, no es tindran en compte les extincions de contractes de treball per causes objectives o per acomiadaments disciplinaris que no hagin estat declarats improcedents, els acomiadaments col\u00b7lectius que no hagin estat declarats no ajustats a Dret, aix\u00ed com les extincions causades per dimissi\u00f3, mort o incapacitat permanent total, absoluta o gran invalidesa dels treballadors o per l&#8217;expiraci\u00f3 del temps convingut o realitzaci\u00f3 de l&#8217;obra o servei objecte del contracte, o per resoluci\u00f3 durant el per\u00edode de prova.<\/p>\n<p>Addicionalment, la Llei permet la contractaci\u00f3 en r\u00e8gim general dels fills de l&#8217;aut\u00f2nom que siguin menors de 30 anys i encara convisquin amb aquest. En aquest cas, s&#8217;exclou la cobertura per desocupaci\u00f3.<\/p>\n<p>Aclarir que aquesta limitaci\u00f3 d&#8217;edat desapareix quan el descendent pateix una discapacitat igual o superior al 33%.<\/p>\n<p>Incentius<\/p>\n<p>Bonificaci\u00f3 del 100 per 100 en la quota empresarial per conting\u00e8ncies comunes<\/p>\n<p>Durada<\/p>\n<p>Per\u00edode de 12 mesos.<\/p>\n","protected":false},"excerpt":{"rendered":"<p>Els aut\u00f2noms poden contractar com a treballadors per compte d&#8217;altri, per temps indefinit &#8211; i jornada completa o parcial &#8211; al seu c\u00f2njuge, ascendents, descendents i altres parents per consanguinitat o afinitat, fins al segon grau inclusivament amb una bonificaci\u00f3 del 100 per 100 en la quota empresarial per conting\u00e8ncies comunes durant un per\u00edode de<\/p>\n","protected":false},"author":2,"featured_media":0,"comment_status":"closed","ping_status":"closed","sticky":false,"template":"","format":"standard","meta":{"footnotes":""},"categories":[42,40,49],"tags":[],"class_list":["post-1740","post","type-post","status-publish","format-standard","hentry","category-autonoms-ca","category-ignacio-deya-ca","category-laboral-ca"],"yoast_head":"<!-- This site is optimized with the Yoast SEO plugin v25.9 - https:\/\/yoast.com\/wordpress\/plugins\/seo\/ -->\n<title>Pot un treballador aut\u00f2nom contractar a un familiar per temps indefinit? - AFIESA<\/title>\n<meta name=\"robots\" content=\"index, follow, max-snippet:-1, max-image-preview:large, max-video-preview:-1\" \/>\n<link rel=\"canonical\" href=\"https:\/\/www.afiesa.com\/ca\/pot-un-treballador-autonom-contractar-a-un-familiar-per-temps-indefinit\/\" \/>\n<meta property=\"og:locale\" content=\"ca_ES\" \/>\n<meta property=\"og:type\" content=\"article\" \/>\n<meta property=\"og:title\" content=\"Pot un treballador aut\u00f2nom contractar a un familiar per temps indefinit? - AFIESA\" \/>\n<meta property=\"og:description\" content=\"Els aut\u00f2noms poden contractar com a treballadors per compte d&#8217;altri, per temps indefinit &#8211; i jornada completa o parcial &#8211; al seu c\u00f2njuge, ascendents, descendents i altres parents per consanguinitat o afinitat, fins al segon grau inclusivament amb una bonificaci\u00f3 del 100 per 100 en la quota empresarial per conting\u00e8ncies comunes durant un per\u00edode de\" \/>\n<meta property=\"og:url\" content=\"https:\/\/www.afiesa.com\/ca\/pot-un-treballador-autonom-contractar-a-un-familiar-per-temps-indefinit\/\" \/>\n<meta property=\"og:site_name\" content=\"AFIESA\" \/>\n<meta property=\"article:published_time\" content=\"2019-06-21T08:14:40+00:00\" \/>\n<meta name=\"author\" content=\"Pere Sbert\" \/>\n<meta name=\"twitter:card\" content=\"summary_large_image\" \/>\n<meta name=\"twitter:label1\" content=\"Escrit per\" \/>\n\t<meta name=\"twitter:data1\" content=\"Pere Sbert\" \/>\n\t<meta name=\"twitter:label2\" content=\"Temps estimat de lectura\" \/>\n\t<meta name=\"twitter:data2\" content=\"3 minuts\" \/>\n<script type=\"application\/ld+json\" class=\"yoast-schema-graph\">{\"@context\":\"https:\/\/schema.org\",\"@graph\":[{\"@type\":\"WebPage\",\"@id\":\"https:\/\/www.afiesa.com\/ca\/pot-un-treballador-autonom-contractar-a-un-familiar-per-temps-indefinit\/\",\"url\":\"https:\/\/www.afiesa.com\/ca\/pot-un-treballador-autonom-contractar-a-un-familiar-per-temps-indefinit\/\",\"name\":\"Pot un treballador aut\u00f2nom contractar a un familiar per temps indefinit? - AFIESA\",\"isPartOf\":{\"@id\":\"https:\/\/www.afiesa.com\/#website\"},\"datePublished\":\"2019-06-21T08:14:40+00:00\",\"author\":{\"@id\":\"https:\/\/www.afiesa.com\/#\/schema\/person\/5b143f12bb3627bb3f25e8a5a75a638f\"},\"breadcrumb\":{\"@id\":\"https:\/\/www.afiesa.com\/ca\/pot-un-treballador-autonom-contractar-a-un-familiar-per-temps-indefinit\/#breadcrumb\"},\"inLanguage\":\"ca\",\"potentialAction\":[{\"@type\":\"ReadAction\",\"target\":[\"https:\/\/www.afiesa.com\/ca\/pot-un-treballador-autonom-contractar-a-un-familiar-per-temps-indefinit\/\"]}]},{\"@type\":\"BreadcrumbList\",\"@id\":\"https:\/\/www.afiesa.com\/ca\/pot-un-treballador-autonom-contractar-a-un-familiar-per-temps-indefinit\/#breadcrumb\",\"itemListElement\":[{\"@type\":\"ListItem\",\"position\":1,\"name\":\"Portada\",\"item\":\"https:\/\/www.afiesa.com\/ca\/\"},{\"@type\":\"ListItem\",\"position\":2,\"name\":\"Pot un treballador aut\u00f2nom contractar a un familiar per temps indefinit?\"}]},{\"@type\":\"WebSite\",\"@id\":\"https:\/\/www.afiesa.com\/#website\",\"url\":\"https:\/\/www.afiesa.com\/\",\"name\":\"AFIESA\",\"description\":\"Gestor\u00eda\",\"potentialAction\":[{\"@type\":\"SearchAction\",\"target\":{\"@type\":\"EntryPoint\",\"urlTemplate\":\"https:\/\/www.afiesa.com\/?s={search_term_string}\"},\"query-input\":{\"@type\":\"PropertyValueSpecification\",\"valueRequired\":true,\"valueName\":\"search_term_string\"}}],\"inLanguage\":\"ca\"},{\"@type\":\"Person\",\"@id\":\"https:\/\/www.afiesa.com\/#\/schema\/person\/5b143f12bb3627bb3f25e8a5a75a638f\",\"name\":\"Pere Sbert\",\"image\":{\"@type\":\"ImageObject\",\"inLanguage\":\"ca\",\"@id\":\"https:\/\/www.afiesa.com\/#\/schema\/person\/image\/\",\"url\":\"https:\/\/secure.gravatar.com\/avatar\/19d7d7a2fa30cb2610194589853bb0e30399b53150df754858f68d41d4f5d4e5?s=96&d=mm&r=g\",\"contentUrl\":\"https:\/\/secure.gravatar.com\/avatar\/19d7d7a2fa30cb2610194589853bb0e30399b53150df754858f68d41d4f5d4e5?s=96&d=mm&r=g\",\"caption\":\"Pere Sbert\"}}]}<\/script>\n<!-- \/ Yoast SEO plugin. -->","yoast_head_json":{"title":"Pot un treballador aut\u00f2nom contractar a un familiar per temps indefinit? - AFIESA","robots":{"index":"index","follow":"follow","max-snippet":"max-snippet:-1","max-image-preview":"max-image-preview:large","max-video-preview":"max-video-preview:-1"},"canonical":"https:\/\/www.afiesa.com\/ca\/pot-un-treballador-autonom-contractar-a-un-familiar-per-temps-indefinit\/","og_locale":"ca_ES","og_type":"article","og_title":"Pot un treballador aut\u00f2nom contractar a un familiar per temps indefinit? - AFIESA","og_description":"Els aut\u00f2noms poden contractar com a treballadors per compte d&#8217;altri, per temps indefinit &#8211; i jornada completa o parcial &#8211; al seu c\u00f2njuge, ascendents, descendents i altres parents per consanguinitat o afinitat, fins al segon grau inclusivament amb una bonificaci\u00f3 del 100 per 100 en la quota empresarial per conting\u00e8ncies comunes durant un per\u00edode de","og_url":"https:\/\/www.afiesa.com\/ca\/pot-un-treballador-autonom-contractar-a-un-familiar-per-temps-indefinit\/","og_site_name":"AFIESA","article_published_time":"2019-06-21T08:14:40+00:00","author":"Pere Sbert","twitter_card":"summary_large_image","twitter_misc":{"Escrit per":"Pere Sbert","Temps estimat de lectura":"3 minuts"},"schema":{"@context":"https:\/\/schema.org","@graph":[{"@type":"WebPage","@id":"https:\/\/www.afiesa.com\/ca\/pot-un-treballador-autonom-contractar-a-un-familiar-per-temps-indefinit\/","url":"https:\/\/www.afiesa.com\/ca\/pot-un-treballador-autonom-contractar-a-un-familiar-per-temps-indefinit\/","name":"Pot un treballador aut\u00f2nom contractar a un familiar per temps indefinit? - AFIESA","isPartOf":{"@id":"https:\/\/www.afiesa.com\/#website"},"datePublished":"2019-06-21T08:14:40+00:00","author":{"@id":"https:\/\/www.afiesa.com\/#\/schema\/person\/5b143f12bb3627bb3f25e8a5a75a638f"},"breadcrumb":{"@id":"https:\/\/www.afiesa.com\/ca\/pot-un-treballador-autonom-contractar-a-un-familiar-per-temps-indefinit\/#breadcrumb"},"inLanguage":"ca","potentialAction":[{"@type":"ReadAction","target":["https:\/\/www.afiesa.com\/ca\/pot-un-treballador-autonom-contractar-a-un-familiar-per-temps-indefinit\/"]}]},{"@type":"BreadcrumbList","@id":"https:\/\/www.afiesa.com\/ca\/pot-un-treballador-autonom-contractar-a-un-familiar-per-temps-indefinit\/#breadcrumb","itemListElement":[{"@type":"ListItem","position":1,"name":"Portada","item":"https:\/\/www.afiesa.com\/ca\/"},{"@type":"ListItem","position":2,"name":"Pot un treballador aut\u00f2nom contractar a un familiar per temps indefinit?"}]},{"@type":"WebSite","@id":"https:\/\/www.afiesa.com\/#website","url":"https:\/\/www.afiesa.com\/","name":"AFIESA","description":"Gestor\u00eda","potentialAction":[{"@type":"SearchAction","target":{"@type":"EntryPoint","urlTemplate":"https:\/\/www.afiesa.com\/?s={search_term_string}"},"query-input":{"@type":"PropertyValueSpecification","valueRequired":true,"valueName":"search_term_string"}}],"inLanguage":"ca"},{"@type":"Person","@id":"https:\/\/www.afiesa.com\/#\/schema\/person\/5b143f12bb3627bb3f25e8a5a75a638f","name":"Pere Sbert","image":{"@type":"ImageObject","inLanguage":"ca","@id":"https:\/\/www.afiesa.com\/#\/schema\/person\/image\/","url":"https:\/\/secure.gravatar.com\/avatar\/19d7d7a2fa30cb2610194589853bb0e30399b53150df754858f68d41d4f5d4e5?s=96&d=mm&r=g","contentUrl":"https:\/\/secure.gravatar.com\/avatar\/19d7d7a2fa30cb2610194589853bb0e30399b53150df754858f68d41d4f5d4e5?s=96&d=mm&r=g","caption":"Pere Sbert"}}]}},"_links":{"self":[{"href":"https:\/\/www.afiesa.com\/ca\/wp-json\/wp\/v2\/posts\/1740","targetHints":{"allow":["GET"]}}],"collection":[{"href":"https:\/\/www.afiesa.com\/ca\/wp-json\/wp\/v2\/posts"}],"about":[{"href":"https:\/\/www.afiesa.com\/ca\/wp-json\/wp\/v2\/types\/post"}],"author":[{"embeddable":true,"href":"https:\/\/www.afiesa.com\/ca\/wp-json\/wp\/v2\/users\/2"}],"replies":[{"embeddable":true,"href":"https:\/\/www.afiesa.com\/ca\/wp-json\/wp\/v2\/comments?post=1740"}],"version-history":[{"count":0,"href":"https:\/\/www.afiesa.com\/ca\/wp-json\/wp\/v2\/posts\/1740\/revisions"}],"wp:attachment":[{"href":"https:\/\/www.afiesa.com\/ca\/wp-json\/wp\/v2\/media?parent=1740"}],"wp:term":[{"taxonomy":"category","embeddable":true,"href":"https:\/\/www.afiesa.com\/ca\/wp-json\/wp\/v2\/categories?post=1740"},{"taxonomy":"post_tag","embeddable":true,"href":"https:\/\/www.afiesa.com\/ca\/wp-json\/wp\/v2\/tags?post=1740"}],"curies":[{"name":"wp","href":"https:\/\/api.w.org\/{rel}","templated":true}]}}