{"id":1738,"date":"2019-06-21T08:12:54","date_gmt":"2019-06-21T08:12:54","guid":{"rendered":"https:\/\/www.afiesa.com\/mesures-per-a-afavorir-la-igualtat-en-lambit-laboral\/"},"modified":"2019-06-21T08:12:54","modified_gmt":"2019-06-21T08:12:54","slug":"mesures-per-a-afavorir-la-igualtat-en-lambit-laboral","status":"publish","type":"post","link":"https:\/\/www.afiesa.com\/ca\/mesures-per-a-afavorir-la-igualtat-en-lambit-laboral\/","title":{"rendered":"Mesures per a afavorir la igualtat en l&#8217;\u00e0mbit laboral"},"content":{"rendered":"<p>El Consell de Ministres ha aprovat un Reial decret llei de mesures urgents per a la garantia de la igualtat de tracte i oportunitats en l&#8217;ocupaci\u00f3 i l&#8217;ocupaci\u00f3 (pendent de publicaci\u00f3 en el BOE), l&#8217;objectiu del qual \u00e9s eliminar la bretxa salarial i garantir el dret de treballadors i treballadores a la conciliaci\u00f3 i la coresponsabilitat. Entre altres mesures, s&#8217;amplia el perm\u00eds de paternitat, per\u00f2 de manera gradual: en 2019 fins a les 8 setmanes; en 2020 fins a les 12 setmanes i en 2021 fins a les 16 setmanes.<\/p>\n<p>El Consell de Ministres ha aprovat un Reial decret llei de mesures urgents per a la garantia de la igualtat de tracte i oportunitats en l&#8217;ocupaci\u00f3 i l&#8217;ocupaci\u00f3 (pendent de publicaci\u00f3 en el BOE), l&#8217;objectiu del qual \u00e9s eliminar la bretxa salarial i garantir el dret de treballadors i treballadores a la conciliaci\u00f3 i la coresponsabilitat, que ser\u00e0 rem\u00e8s a les Corts Generals per a la seva convalidaci\u00f3.<\/p>\n<p>Ampliaci\u00f3 del perm\u00eds de paternitat<\/p>\n<p>El Reial decret llei amplia els permisos per naixement i cura del menor per a equiparar progressivament a tots dos progenitors. Per al progenitor diferent a la mare biol\u00f2gica es preveu l&#8217;ampliaci\u00f3 a 16 setmanes.<\/p>\n<p>En les disposicions transit\u00f2ries del Reial decret llei es preveu que l&#8217;ampliaci\u00f3 ser\u00e0 gradual:<\/p>\n<p>&#8211; En 2019: fins a les 8 setmanes (s&#8217;aplicar\u00e0 quan entri en vigor la norma).<\/p>\n<p>&#8211; En 2020: fins a les 12 setmanes.<\/p>\n<p>&#8211; A partir de 2021: fins a les 16 setmanes.<\/p>\n<p>Igualtat de remuneraci\u00f3 entre homes i dones<\/p>\n<p>D&#8217;altra banda, s&#8217;estableix un nou marc jur\u00eddic que fa un pas m\u00e9s cap a la plena igualtat. En aquest sentit, recull la reforma de l&#8217;Estatut dels treballadors per a refor\u00e7ar la igualtat de remuneraci\u00f3 entre homes i dones, sense discriminaci\u00f3, i el dret a la conciliaci\u00f3 de la vida familiar i laboral, en l\u00ednia amb el que s&#8217;estableix en la Recomanaci\u00f3 de 7 de mar\u00e7 de 2014 de la Comissi\u00f3 Europea.<\/p>\n<p>S&#8217;introdueix aix\u00ed en el nostre ordenament el concepte de &#8220;treball d&#8217;igual valor&#8221;, \u00e9s a dir, quan la naturalesa de les funcions o tasques efectivament encomanades, les condicions educatives, professionals o de formaci\u00f3 exigides per al seu exercici, els factors estrictament relacionats amb el seu acompliment i les condicions laborals en les quals aquestes activitats es duen a terme en realitat siguin equivalents.<\/p>\n<p>El Reial decret llei estableix que l&#8217;empresa portar\u00e0 un registre amb els valors dels salaris, al qual podran accedir els treballadors a trav\u00e9s de la seva representaci\u00f3 sindical o del delegat de personal.<\/p>\n<p>Plans d&#8217;igualtat en les empreses<\/p>\n<p>En tercer lloc, es planteja la modificaci\u00f3 de la Llei org\u00e0nica 3\/2007, de 22 de mar\u00e7, per a la igualtat efectiva de dones i homes, en relaci\u00f3 als plans d&#8217;igualtat en les empreses. El<\/p>\n<p>Reial decret llei estableix un termini de tres anys perqu\u00e8 les empreses de m\u00e9s de 50 treballadors elaborin i apliquin un pla d&#8217;Igualtat, dos anys per a les de 100 a 150 i un any per a les de 150 a 250. Fins ara nom\u00e9s era obligatori per a empreses amb m\u00e9s de 250 treballadors.<\/p>\n<p>D&#8217;altra banda, les empreses estan obligades a inscriure aquest pla en el Registre de plans d&#8217;igualtat de les empreses, que es desenvolupar\u00e0 reglament\u00e0riament.<\/p>\n<p>Finan\u00e7ament de les quotes del conveni especial dels cuidadors no professionals de les persones en situaci\u00f3 de depend\u00e8ncia<\/p>\n<p>Finalment, aquest Reial decret llei inclou tamb\u00e9 una mesura de protecci\u00f3 social de car\u00e0cter extraordinari i urgent com \u00e9s la recuperaci\u00f3 del finan\u00e7ament de les quotes del conveni especial dels cuidadors no professionals de les persones en situaci\u00f3 de depend\u00e8ncia a c\u00e0rrec de l&#8217;Administraci\u00f3 General de l&#8217;Estat.<\/p>\n","protected":false},"excerpt":{"rendered":"<p>El Consell de Ministres ha aprovat un Reial decret llei de mesures urgents per a la garantia de la igualtat de tracte i oportunitats en l&#8217;ocupaci\u00f3 i l&#8217;ocupaci\u00f3 (pendent de publicaci\u00f3 en el BOE), l&#8217;objectiu del qual \u00e9s eliminar la bretxa salarial i garantir el dret de treballadors i treballadores a la conciliaci\u00f3 i la<\/p>\n","protected":false},"author":2,"featured_media":0,"comment_status":"closed","ping_status":"closed","sticky":false,"template":"","format":"standard","meta":{"footnotes":""},"categories":[42,40,49,45],"tags":[],"class_list":["post-1738","post","type-post","status-publish","format-standard","hentry","category-autonoms-ca","category-ignacio-deya-ca","category-laboral-ca","category-societats-ca"],"yoast_head":"<!-- This site is optimized with the Yoast SEO plugin v25.9 - https:\/\/yoast.com\/wordpress\/plugins\/seo\/ -->\n<title>Mesures per a afavorir la igualtat en l&#039;\u00e0mbit laboral - AFIESA<\/title>\n<meta name=\"robots\" content=\"index, follow, max-snippet:-1, max-image-preview:large, max-video-preview:-1\" \/>\n<link rel=\"canonical\" href=\"https:\/\/www.afiesa.com\/ca\/mesures-per-a-afavorir-la-igualtat-en-lambit-laboral\/\" \/>\n<meta property=\"og:locale\" content=\"ca_ES\" \/>\n<meta property=\"og:type\" content=\"article\" \/>\n<meta property=\"og:title\" content=\"Mesures per a afavorir la igualtat en l&#039;\u00e0mbit laboral - AFIESA\" \/>\n<meta property=\"og:description\" content=\"El Consell de Ministres ha aprovat un Reial decret llei de mesures urgents per a la garantia de la igualtat de tracte i oportunitats en l&#8217;ocupaci\u00f3 i l&#8217;ocupaci\u00f3 (pendent de publicaci\u00f3 en el BOE), l&#8217;objectiu del qual \u00e9s eliminar la bretxa salarial i garantir el dret de treballadors i treballadores a la conciliaci\u00f3 i la\" \/>\n<meta property=\"og:url\" content=\"https:\/\/www.afiesa.com\/ca\/mesures-per-a-afavorir-la-igualtat-en-lambit-laboral\/\" \/>\n<meta property=\"og:site_name\" content=\"AFIESA\" \/>\n<meta property=\"article:published_time\" content=\"2019-06-21T08:12:54+00:00\" \/>\n<meta name=\"author\" content=\"Pere Sbert\" \/>\n<meta name=\"twitter:card\" content=\"summary_large_image\" \/>\n<meta name=\"twitter:label1\" content=\"Escrit per\" \/>\n\t<meta name=\"twitter:data1\" content=\"Pere Sbert\" \/>\n\t<meta name=\"twitter:label2\" content=\"Temps estimat de lectura\" \/>\n\t<meta name=\"twitter:data2\" content=\"3 minuts\" \/>\n<script type=\"application\/ld+json\" class=\"yoast-schema-graph\">{\"@context\":\"https:\/\/schema.org\",\"@graph\":[{\"@type\":\"WebPage\",\"@id\":\"https:\/\/www.afiesa.com\/ca\/mesures-per-a-afavorir-la-igualtat-en-lambit-laboral\/\",\"url\":\"https:\/\/www.afiesa.com\/ca\/mesures-per-a-afavorir-la-igualtat-en-lambit-laboral\/\",\"name\":\"Mesures per a afavorir la igualtat en l'\u00e0mbit laboral - AFIESA\",\"isPartOf\":{\"@id\":\"https:\/\/www.afiesa.com\/#website\"},\"datePublished\":\"2019-06-21T08:12:54+00:00\",\"author\":{\"@id\":\"https:\/\/www.afiesa.com\/#\/schema\/person\/5b143f12bb3627bb3f25e8a5a75a638f\"},\"breadcrumb\":{\"@id\":\"https:\/\/www.afiesa.com\/ca\/mesures-per-a-afavorir-la-igualtat-en-lambit-laboral\/#breadcrumb\"},\"inLanguage\":\"ca\",\"potentialAction\":[{\"@type\":\"ReadAction\",\"target\":[\"https:\/\/www.afiesa.com\/ca\/mesures-per-a-afavorir-la-igualtat-en-lambit-laboral\/\"]}]},{\"@type\":\"BreadcrumbList\",\"@id\":\"https:\/\/www.afiesa.com\/ca\/mesures-per-a-afavorir-la-igualtat-en-lambit-laboral\/#breadcrumb\",\"itemListElement\":[{\"@type\":\"ListItem\",\"position\":1,\"name\":\"Portada\",\"item\":\"https:\/\/www.afiesa.com\/ca\/\"},{\"@type\":\"ListItem\",\"position\":2,\"name\":\"Mesures per a afavorir la igualtat en l&#8217;\u00e0mbit laboral\"}]},{\"@type\":\"WebSite\",\"@id\":\"https:\/\/www.afiesa.com\/#website\",\"url\":\"https:\/\/www.afiesa.com\/\",\"name\":\"AFIESA\",\"description\":\"Gestor\u00eda\",\"potentialAction\":[{\"@type\":\"SearchAction\",\"target\":{\"@type\":\"EntryPoint\",\"urlTemplate\":\"https:\/\/www.afiesa.com\/?s={search_term_string}\"},\"query-input\":{\"@type\":\"PropertyValueSpecification\",\"valueRequired\":true,\"valueName\":\"search_term_string\"}}],\"inLanguage\":\"ca\"},{\"@type\":\"Person\",\"@id\":\"https:\/\/www.afiesa.com\/#\/schema\/person\/5b143f12bb3627bb3f25e8a5a75a638f\",\"name\":\"Pere Sbert\",\"image\":{\"@type\":\"ImageObject\",\"inLanguage\":\"ca\",\"@id\":\"https:\/\/www.afiesa.com\/#\/schema\/person\/image\/\",\"url\":\"https:\/\/secure.gravatar.com\/avatar\/19d7d7a2fa30cb2610194589853bb0e30399b53150df754858f68d41d4f5d4e5?s=96&d=mm&r=g\",\"contentUrl\":\"https:\/\/secure.gravatar.com\/avatar\/19d7d7a2fa30cb2610194589853bb0e30399b53150df754858f68d41d4f5d4e5?s=96&d=mm&r=g\",\"caption\":\"Pere Sbert\"}}]}<\/script>\n<!-- \/ Yoast SEO plugin. -->","yoast_head_json":{"title":"Mesures per a afavorir la igualtat en l'\u00e0mbit laboral - AFIESA","robots":{"index":"index","follow":"follow","max-snippet":"max-snippet:-1","max-image-preview":"max-image-preview:large","max-video-preview":"max-video-preview:-1"},"canonical":"https:\/\/www.afiesa.com\/ca\/mesures-per-a-afavorir-la-igualtat-en-lambit-laboral\/","og_locale":"ca_ES","og_type":"article","og_title":"Mesures per a afavorir la igualtat en l'\u00e0mbit laboral - AFIESA","og_description":"El Consell de Ministres ha aprovat un Reial decret llei de mesures urgents per a la garantia de la igualtat de tracte i oportunitats en l&#8217;ocupaci\u00f3 i l&#8217;ocupaci\u00f3 (pendent de publicaci\u00f3 en el BOE), l&#8217;objectiu del qual \u00e9s eliminar la bretxa salarial i garantir el dret de treballadors i treballadores a la conciliaci\u00f3 i la","og_url":"https:\/\/www.afiesa.com\/ca\/mesures-per-a-afavorir-la-igualtat-en-lambit-laboral\/","og_site_name":"AFIESA","article_published_time":"2019-06-21T08:12:54+00:00","author":"Pere Sbert","twitter_card":"summary_large_image","twitter_misc":{"Escrit per":"Pere Sbert","Temps estimat de lectura":"3 minuts"},"schema":{"@context":"https:\/\/schema.org","@graph":[{"@type":"WebPage","@id":"https:\/\/www.afiesa.com\/ca\/mesures-per-a-afavorir-la-igualtat-en-lambit-laboral\/","url":"https:\/\/www.afiesa.com\/ca\/mesures-per-a-afavorir-la-igualtat-en-lambit-laboral\/","name":"Mesures per a afavorir la igualtat en l'\u00e0mbit laboral - AFIESA","isPartOf":{"@id":"https:\/\/www.afiesa.com\/#website"},"datePublished":"2019-06-21T08:12:54+00:00","author":{"@id":"https:\/\/www.afiesa.com\/#\/schema\/person\/5b143f12bb3627bb3f25e8a5a75a638f"},"breadcrumb":{"@id":"https:\/\/www.afiesa.com\/ca\/mesures-per-a-afavorir-la-igualtat-en-lambit-laboral\/#breadcrumb"},"inLanguage":"ca","potentialAction":[{"@type":"ReadAction","target":["https:\/\/www.afiesa.com\/ca\/mesures-per-a-afavorir-la-igualtat-en-lambit-laboral\/"]}]},{"@type":"BreadcrumbList","@id":"https:\/\/www.afiesa.com\/ca\/mesures-per-a-afavorir-la-igualtat-en-lambit-laboral\/#breadcrumb","itemListElement":[{"@type":"ListItem","position":1,"name":"Portada","item":"https:\/\/www.afiesa.com\/ca\/"},{"@type":"ListItem","position":2,"name":"Mesures per a afavorir la igualtat en l&#8217;\u00e0mbit laboral"}]},{"@type":"WebSite","@id":"https:\/\/www.afiesa.com\/#website","url":"https:\/\/www.afiesa.com\/","name":"AFIESA","description":"Gestor\u00eda","potentialAction":[{"@type":"SearchAction","target":{"@type":"EntryPoint","urlTemplate":"https:\/\/www.afiesa.com\/?s={search_term_string}"},"query-input":{"@type":"PropertyValueSpecification","valueRequired":true,"valueName":"search_term_string"}}],"inLanguage":"ca"},{"@type":"Person","@id":"https:\/\/www.afiesa.com\/#\/schema\/person\/5b143f12bb3627bb3f25e8a5a75a638f","name":"Pere Sbert","image":{"@type":"ImageObject","inLanguage":"ca","@id":"https:\/\/www.afiesa.com\/#\/schema\/person\/image\/","url":"https:\/\/secure.gravatar.com\/avatar\/19d7d7a2fa30cb2610194589853bb0e30399b53150df754858f68d41d4f5d4e5?s=96&d=mm&r=g","contentUrl":"https:\/\/secure.gravatar.com\/avatar\/19d7d7a2fa30cb2610194589853bb0e30399b53150df754858f68d41d4f5d4e5?s=96&d=mm&r=g","caption":"Pere Sbert"}}]}},"_links":{"self":[{"href":"https:\/\/www.afiesa.com\/ca\/wp-json\/wp\/v2\/posts\/1738","targetHints":{"allow":["GET"]}}],"collection":[{"href":"https:\/\/www.afiesa.com\/ca\/wp-json\/wp\/v2\/posts"}],"about":[{"href":"https:\/\/www.afiesa.com\/ca\/wp-json\/wp\/v2\/types\/post"}],"author":[{"embeddable":true,"href":"https:\/\/www.afiesa.com\/ca\/wp-json\/wp\/v2\/users\/2"}],"replies":[{"embeddable":true,"href":"https:\/\/www.afiesa.com\/ca\/wp-json\/wp\/v2\/comments?post=1738"}],"version-history":[{"count":0,"href":"https:\/\/www.afiesa.com\/ca\/wp-json\/wp\/v2\/posts\/1738\/revisions"}],"wp:attachment":[{"href":"https:\/\/www.afiesa.com\/ca\/wp-json\/wp\/v2\/media?parent=1738"}],"wp:term":[{"taxonomy":"category","embeddable":true,"href":"https:\/\/www.afiesa.com\/ca\/wp-json\/wp\/v2\/categories?post=1738"},{"taxonomy":"post_tag","embeddable":true,"href":"https:\/\/www.afiesa.com\/ca\/wp-json\/wp\/v2\/tags?post=1738"}],"curies":[{"name":"wp","href":"https:\/\/api.w.org\/{rel}","templated":true}]}}