{"id":1734,"date":"2019-06-21T08:00:41","date_gmt":"2019-06-21T08:00:41","guid":{"rendered":"https:\/\/www.afiesa.com\/tractaments-amb-finalitats-de-videovigilancia-quines-novetats-introdueix-la-nova-lopd\/"},"modified":"2019-06-21T08:00:41","modified_gmt":"2019-06-21T08:00:41","slug":"tractaments-amb-finalitats-de-videovigilancia-quines-novetats-introdueix-la-nova-lopd","status":"publish","type":"post","link":"https:\/\/www.afiesa.com\/ca\/tractaments-amb-finalitats-de-videovigilancia-quines-novetats-introdueix-la-nova-lopd\/","title":{"rendered":"Tractaments amb finalitats de videovigil\u00e0ncia Quines novetats introdueix la nova LOPD?"},"content":{"rendered":"<p>La nova Llei org\u00e0nica 3\/2018, de Protecci\u00f3 de Dades Personals i garantia dels drets digitals, en vigor des del 7 de desembre de 2018, estableix una actualitzaci\u00f3 dels requisits en els tractaments amb finalitats de videovigil\u00e0ncia. Aquest tractament es podr\u00e0 realitzar sempre que la finalitat sigui preservar la seguretat de les persones i b\u00e9ns i instal\u00b7lacions o control laboral. Les imatges hauran de suprimir-se als 30 dies. En la videovigil\u00e0ncia d&#8217;empleats, aquests hauran de ser informats.<\/p>\n<p>Amb efectes des del 7 de desembre de 2018, s&#8217;ha publicat en el BOE la nova Llei org\u00e0nica 3\/2018, de Protecci\u00f3 de Dades Personals i garantia dels drets digitals, que adapta el dret espanyol al model establert per Reglament General de Protecci\u00f3 de Dades de la Uni\u00f3 Europea (RGPD)\u00a0-que recordem \u00e9s d&#8217;aplicaci\u00f3 directa- i que va deixar en mans dels Estats membres, i que entre altres novetats, estableix una actualitzaci\u00f3 dels requisits en els tractaments amb finalitats de videovigil\u00e0ncia.<\/p>\n<p>Cal tenir present que la imatge \u00e9s una dada de car\u00e0cter personal ja que identifica o fa identificable a una persona. En aquest sentit, la instal\u00b7laci\u00f3 de cambres, amb diverses finalitats com podria ser la seguretat, el control laboral, l&#8217;acc\u00e9s a zones restringides captant la matr\u00edcula del cotxe i la imatge del conductor, suposaria un tractament de dades de car\u00e0cter personal i en conseq\u00fc\u00e8ncia, se li aplicaria la normativa de protecci\u00f3 de dades.<\/p>\n<p>Devem\u00a0recodar\u00a0que el passat 25 de maig de 2018 va comen\u00e7ar un nou Reglament Europeu de Protecci\u00f3 de Dades (RGPD)\u00a0que t\u00e9 algunes novetats en aquest \u00e0mbit. Si la seva empresa t\u00e9 implantat o implantar\u00e0 sistemes de videovigil\u00e0ncia haur\u00e0 de tenir en compte els seg\u00fcents punts:<\/p>\n<p>No est\u00e0 perm\u00e8s instal\u00b7lar cambres en llocs p\u00fablics. Nom\u00e9s podr\u00e0 instal\u00b7lar c\u00e0meres en llocs que gravin imatges de la seva empresa. Si les c\u00e0meres per la seva ubicaci\u00f3 graven espais de la via p\u00fablica haur\u00e0 de canviar la seva orientaci\u00f3 ja que no est\u00e0 perm\u00e8s. Pel que, en conclusi\u00f3, les c\u00e0meres nom\u00e9s podran gravar llocs en els quals es faci treball estrictament.<br \/>\nEls enregistraments d&#8217;aquestes c\u00e0meres nom\u00e9s es podran conservar un mes. Passat aquest per\u00edode, nom\u00e9s es podran conservar les imatges m\u00e9s d&#8217;un mes si es vol provar algun tipus d&#8217;agressi\u00f3 a persones, objectes o instal\u00b7lacions.<br \/>\nSempre haur\u00e0 d&#8217;informar els seus treballadors que hi ha instal\u00b7lat un sistema de videovigil\u00e0ncia amb cartells informatius. Aquests, hauran de ser prou visibles i contenir amb tot detall: identificaci\u00f3 de l&#8217;empresa, pol\u00edtica de cancel\u00b7laci\u00f3, acc\u00e9s, modificaci\u00f3 de les dades per als interessats&#8230;<br \/>\nA m\u00e9s, amb aquest tipus de sistemes pots controlar la puntualitat i assist\u00e8ncia sempre que informes a l&#8217;empleat que es podran utilitzar com a prova d&#8217;un incompliment laboral.<br \/>\nQuines novetats es regulen en la captaci\u00f3 d&#8217;imatges amb la\u00a0LOPD\u00a02018?<\/p>\n<p>L&#8217;article 22 de la nova\u00a0LOPD\u00a0estableix el seg\u00fcent:<\/p>\n<p>1. Les persones f\u00edsiques o jur\u00eddiques, p\u00fabliques o privades, podran dur a terme el tractament d&#8217;imatges a trav\u00e9s de sistemes de cambres o c\u00e0meres de v\u00eddeo amb la finalitat de preservar la seguretat de les persones i b\u00e9ns, aix\u00ed com de les seves instal\u00b7lacions.<\/p>\n<p>2. Nom\u00e9s podran captar-se imatges de la via p\u00fablica en la mesura en qu\u00e8 resulti imprescindible per a la finalitat esmentada en l&#8217;apartat anterior.<\/p>\n<p>No obstant aix\u00f2, ser\u00e0 possible la captaci\u00f3 de la via p\u00fablica en una extensi\u00f3 superior quan fos necessari per a garantir la seguretat de b\u00e9ns o instal\u00b7lacions estrat\u00e8gics o d&#8217;infraestructures vinculades al transport, sense que en cap cas pugui suposar la captaci\u00f3 d&#8217;imatges de l&#8217;interior d&#8217;un domicili privat.<\/p>\n<p>3. Les dades seran suprimides en el termini m\u00e0xim d&#8217;un mes des de la seva captaci\u00f3, excepte quan haguessin de ser conservats per a acreditar la comissi\u00f3 d&#8217;actes que atemptin contra la integritat de persones, b\u00e9ns o instal\u00b7lacions. En tal cas, les imatges hauran de ser posades a la disposici\u00f3 de l&#8217;autoritat competent en un termini m\u00e0xim de setanta-dues hores des que es tingu\u00e9s coneixement de l&#8217;exist\u00e8ncia de l&#8217;enregistrament.<\/p>\n<p>No ser\u00e0 aplicable a aquests tractaments l&#8217;obligaci\u00f3 de bloqueig prevista en l&#8217;article 32 d&#8217;aquesta llei org\u00e0nica.<\/p>\n<p>4. L&#8217;haver d&#8217;informaci\u00f3 previst en l&#8217;article 12 del Reglament (UE) 2016\/679 s&#8217;entendr\u00e0 compliment mitjan\u00e7ant la col\u00b7locaci\u00f3 d&#8217;un dispositiu informatiu en lloc prou visible identificant, almenys, l&#8217;exist\u00e8ncia del tractament, la identitat del responsable i la possibilitat d&#8217;exercitar els drets previstos en els articles 15 a 22 del Reglament (UE) 2016\/679. Tamb\u00e9 podr\u00e0 incloure&#8217;s en el dispositiu informatiu un codi de connexi\u00f3 o adre\u00e7a d&#8217;internet a aquesta informaci\u00f3.<\/p>\n<p>En tot cas, el responsable del tractament haur\u00e0 de mantenir a la disposici\u00f3 dels afectats la informaci\u00f3 a la qual es refereix el citat reglament.<\/p>\n<p>5. A l&#8217;empara de l&#8217;article 2.2.c) del Reglament (UE) 2016\/679, es considera excl\u00f2s del seu \u00e0mbit d&#8217;aplicaci\u00f3 el tractament per una persona f\u00edsica d&#8217;imatges que solament captin l&#8217;interior del seu propi domicili.<\/p>\n<p>Aquesta exclusi\u00f3 no abasta el tractament realitzat per una entitat de seguretat privada que hagu\u00e9s estat contractada per a la vigil\u00e0ncia d&#8217;un domicili i tingu\u00e9s acc\u00e9s a les imatges.<\/p>\n<p>6. El tractament de les dades personals procedents de les imatges i sons obtinguts mitjan\u00e7ant la utilitzaci\u00f3 de c\u00e0meres i c\u00e0meres de v\u00eddeo per les Forces i Cossos de Seguretat i pels \u00f2rgans competents per a la vigil\u00e0ncia i control en els centres penitenciaris i per al control, regulaci\u00f3, vigil\u00e0ncia i disciplina del tr\u00e0nsit, es regir\u00e0 per la legislaci\u00f3 de transposici\u00f3 de la Directiva (UE) 2016\/680, quan el tractament tingui finalitats de prevenci\u00f3, recerca, detecci\u00f3 o enjudiciament d&#8217;infraccions penals o d&#8217;execuci\u00f3 de sancions penals, incloses la protecci\u00f3 i la prevenci\u00f3 enfront de les amenaces contra la seguretat p\u00fablica. Fora d&#8217;aquests sup\u00f2sits, aquest tractament es regir\u00e0 per la seva legislaci\u00f3 espec\u00edfica i suplet\u00f2riament pel Reglament (UE) 2016\/679 i la present llei org\u00e0nica.<\/p>\n<p>7. El regulat en el present article s&#8217;ent\u00e9n sense perjudici d&#8217;el que es preveu en la Llei 5\/2014, de 4 d&#8217;abril, de Seguretat Privada i les seves disposicions de desenvolupament.<\/p>\n<p>Com es regula la videovigil\u00e0ncia en l&#8217;\u00e0mbit laboral amb la nova\u00a0LOPD?<\/p>\n<p>En el marc de les disposicions de car\u00e0cter laboral que ha introdu\u00eft la nova\u00a0LOPD, es regula per primera vegada l&#8217;\u00fas de sistemes de videovigil\u00e0ncia en l&#8217;\u00e0mbit laboral.<\/p>\n<p>En concret, d&#8217;acord amb l&#8217;article 89 d&#8217;aquesta\u00a0LOPD\u00a0s&#8217;estableix que:<\/p>\n<p>Els ocupadors podran tractar les imatges obtingudes a trav\u00e9s de sistemes de cambres o c\u00e0meres de v\u00eddeo per a l&#8217;exercici de les funcions de control dels treballadors o els empleats p\u00fablics previstes, respectivament, en l&#8217;article 20.3 de l&#8217;Estatut dels Treballadors i en la legislaci\u00f3 de funci\u00f3 p\u00fablica, sempre que aquestes funcions s&#8217;exerceixin dins del seu marc legal i amb els l\u00edmits inherents a aquest. Els ocupadors hauran d&#8217;informar amb car\u00e0cter previ, i de forma expressa, clara i concisa, als treballadors o els empleats p\u00fablics i, si escau, als seus representants, sobre aquesta mesura.<br \/>\nEn el cas que s&#8217;hagi captat la comissi\u00f3 flagrant d&#8217;un acte il\u00b7l\u00edcit pels treballadors o els empleats p\u00fablics s&#8217;entendr\u00e0 complert l&#8217;haver d&#8217;informar quan exist\u00eds almenys el dispositiu al qual es refereix l&#8217;article 22.4 d&#8217;aquesta llei org\u00e0nica.<br \/>\nEn cap cas s&#8217;admetr\u00e0 la instal\u00b7laci\u00f3 de sistemes d&#8217;enregistrament de sons ni de videovigil\u00e0ncia en llocs destinats al descans o esplai dels treballadors o els empleats p\u00fablics, tals com vestuaris, cond\u00edcies, menjadors i an\u00e0legs.<br \/>\nLa utilitzaci\u00f3 de sistemes similars als referits en els apartats anteriors per a l&#8217;enregistrament de sons en el lloc de treball s&#8217;admetr\u00e0 \u00fanicament quan resultin rellevants els riscos per a la seguretat de les instal\u00b7lacions, b\u00e9ns i persones derivats de l&#8217;activitat que es desenvolupi en el centre de treball i sempre respectant el principi de proporcionalitat, el d&#8217;intervenci\u00f3 m\u00ednima i les garanties previstes en els apartats anteriors. La supressi\u00f3 dels sons conservats per aquests sistemes d&#8217;enregistrament es realitzar\u00e0 atenent el que es disposa en l&#8217;apartat 3 de l&#8217;article 22 d&#8217;aquesta llei.<\/p>\n","protected":false},"excerpt":{"rendered":"<p>La nova Llei org\u00e0nica 3\/2018, de Protecci\u00f3 de Dades Personals i garantia dels drets digitals, en vigor des del 7 de desembre de 2018, estableix una actualitzaci\u00f3 dels requisits en els tractaments amb finalitats de videovigil\u00e0ncia. Aquest tractament es podr\u00e0 realitzar sempre que la finalitat sigui preservar la seguretat de les persones i b\u00e9ns i<\/p>\n","protected":false},"author":2,"featured_media":0,"comment_status":"closed","ping_status":"closed","sticky":false,"template":"","format":"standard","meta":{"footnotes":""},"categories":[40,50,45],"tags":[],"class_list":["post-1734","post","type-post","status-publish","format-standard","hentry","category-ignacio-deya-ca","category-mercantil-ca","category-societats-ca"],"yoast_head":"<!-- This site is optimized with the Yoast SEO plugin v25.9 - https:\/\/yoast.com\/wordpress\/plugins\/seo\/ -->\n<title>Tractaments amb finalitats de videovigil\u00e0ncia Quines novetats introdueix la nova LOPD? - AFIESA<\/title>\n<meta name=\"robots\" content=\"index, follow, max-snippet:-1, max-image-preview:large, max-video-preview:-1\" \/>\n<link rel=\"canonical\" href=\"https:\/\/www.afiesa.com\/ca\/tractaments-amb-finalitats-de-videovigilancia-quines-novetats-introdueix-la-nova-lopd\/\" \/>\n<meta property=\"og:locale\" content=\"ca_ES\" \/>\n<meta property=\"og:type\" content=\"article\" \/>\n<meta property=\"og:title\" content=\"Tractaments amb finalitats de videovigil\u00e0ncia Quines novetats introdueix la nova LOPD? - AFIESA\" \/>\n<meta property=\"og:description\" content=\"La nova Llei org\u00e0nica 3\/2018, de Protecci\u00f3 de Dades Personals i garantia dels drets digitals, en vigor des del 7 de desembre de 2018, estableix una actualitzaci\u00f3 dels requisits en els tractaments amb finalitats de videovigil\u00e0ncia. Aquest tractament es podr\u00e0 realitzar sempre que la finalitat sigui preservar la seguretat de les persones i b\u00e9ns i\" \/>\n<meta property=\"og:url\" content=\"https:\/\/www.afiesa.com\/ca\/tractaments-amb-finalitats-de-videovigilancia-quines-novetats-introdueix-la-nova-lopd\/\" \/>\n<meta property=\"og:site_name\" content=\"AFIESA\" \/>\n<meta property=\"article:published_time\" content=\"2019-06-21T08:00:41+00:00\" \/>\n<meta name=\"author\" content=\"Pere Sbert\" \/>\n<meta name=\"twitter:card\" content=\"summary_large_image\" \/>\n<meta name=\"twitter:label1\" content=\"Escrit per\" \/>\n\t<meta name=\"twitter:data1\" content=\"Pere Sbert\" \/>\n\t<meta name=\"twitter:label2\" content=\"Temps estimat de lectura\" \/>\n\t<meta name=\"twitter:data2\" content=\"7 minuts\" \/>\n<script type=\"application\/ld+json\" class=\"yoast-schema-graph\">{\"@context\":\"https:\/\/schema.org\",\"@graph\":[{\"@type\":\"WebPage\",\"@id\":\"https:\/\/www.afiesa.com\/ca\/tractaments-amb-finalitats-de-videovigilancia-quines-novetats-introdueix-la-nova-lopd\/\",\"url\":\"https:\/\/www.afiesa.com\/ca\/tractaments-amb-finalitats-de-videovigilancia-quines-novetats-introdueix-la-nova-lopd\/\",\"name\":\"Tractaments amb finalitats de videovigil\u00e0ncia Quines novetats introdueix la nova LOPD? - AFIESA\",\"isPartOf\":{\"@id\":\"https:\/\/www.afiesa.com\/#website\"},\"datePublished\":\"2019-06-21T08:00:41+00:00\",\"author\":{\"@id\":\"https:\/\/www.afiesa.com\/#\/schema\/person\/5b143f12bb3627bb3f25e8a5a75a638f\"},\"breadcrumb\":{\"@id\":\"https:\/\/www.afiesa.com\/ca\/tractaments-amb-finalitats-de-videovigilancia-quines-novetats-introdueix-la-nova-lopd\/#breadcrumb\"},\"inLanguage\":\"ca\",\"potentialAction\":[{\"@type\":\"ReadAction\",\"target\":[\"https:\/\/www.afiesa.com\/ca\/tractaments-amb-finalitats-de-videovigilancia-quines-novetats-introdueix-la-nova-lopd\/\"]}]},{\"@type\":\"BreadcrumbList\",\"@id\":\"https:\/\/www.afiesa.com\/ca\/tractaments-amb-finalitats-de-videovigilancia-quines-novetats-introdueix-la-nova-lopd\/#breadcrumb\",\"itemListElement\":[{\"@type\":\"ListItem\",\"position\":1,\"name\":\"Portada\",\"item\":\"https:\/\/www.afiesa.com\/ca\/\"},{\"@type\":\"ListItem\",\"position\":2,\"name\":\"Tractaments amb finalitats de videovigil\u00e0ncia Quines novetats introdueix la nova LOPD?\"}]},{\"@type\":\"WebSite\",\"@id\":\"https:\/\/www.afiesa.com\/#website\",\"url\":\"https:\/\/www.afiesa.com\/\",\"name\":\"AFIESA\",\"description\":\"Gestor\u00eda\",\"potentialAction\":[{\"@type\":\"SearchAction\",\"target\":{\"@type\":\"EntryPoint\",\"urlTemplate\":\"https:\/\/www.afiesa.com\/?s={search_term_string}\"},\"query-input\":{\"@type\":\"PropertyValueSpecification\",\"valueRequired\":true,\"valueName\":\"search_term_string\"}}],\"inLanguage\":\"ca\"},{\"@type\":\"Person\",\"@id\":\"https:\/\/www.afiesa.com\/#\/schema\/person\/5b143f12bb3627bb3f25e8a5a75a638f\",\"name\":\"Pere Sbert\",\"image\":{\"@type\":\"ImageObject\",\"inLanguage\":\"ca\",\"@id\":\"https:\/\/www.afiesa.com\/#\/schema\/person\/image\/\",\"url\":\"https:\/\/secure.gravatar.com\/avatar\/19d7d7a2fa30cb2610194589853bb0e30399b53150df754858f68d41d4f5d4e5?s=96&d=mm&r=g\",\"contentUrl\":\"https:\/\/secure.gravatar.com\/avatar\/19d7d7a2fa30cb2610194589853bb0e30399b53150df754858f68d41d4f5d4e5?s=96&d=mm&r=g\",\"caption\":\"Pere Sbert\"}}]}<\/script>\n<!-- \/ Yoast SEO plugin. -->","yoast_head_json":{"title":"Tractaments amb finalitats de videovigil\u00e0ncia Quines novetats introdueix la nova LOPD? - AFIESA","robots":{"index":"index","follow":"follow","max-snippet":"max-snippet:-1","max-image-preview":"max-image-preview:large","max-video-preview":"max-video-preview:-1"},"canonical":"https:\/\/www.afiesa.com\/ca\/tractaments-amb-finalitats-de-videovigilancia-quines-novetats-introdueix-la-nova-lopd\/","og_locale":"ca_ES","og_type":"article","og_title":"Tractaments amb finalitats de videovigil\u00e0ncia Quines novetats introdueix la nova LOPD? - AFIESA","og_description":"La nova Llei org\u00e0nica 3\/2018, de Protecci\u00f3 de Dades Personals i garantia dels drets digitals, en vigor des del 7 de desembre de 2018, estableix una actualitzaci\u00f3 dels requisits en els tractaments amb finalitats de videovigil\u00e0ncia. Aquest tractament es podr\u00e0 realitzar sempre que la finalitat sigui preservar la seguretat de les persones i b\u00e9ns i","og_url":"https:\/\/www.afiesa.com\/ca\/tractaments-amb-finalitats-de-videovigilancia-quines-novetats-introdueix-la-nova-lopd\/","og_site_name":"AFIESA","article_published_time":"2019-06-21T08:00:41+00:00","author":"Pere Sbert","twitter_card":"summary_large_image","twitter_misc":{"Escrit per":"Pere Sbert","Temps estimat de lectura":"7 minuts"},"schema":{"@context":"https:\/\/schema.org","@graph":[{"@type":"WebPage","@id":"https:\/\/www.afiesa.com\/ca\/tractaments-amb-finalitats-de-videovigilancia-quines-novetats-introdueix-la-nova-lopd\/","url":"https:\/\/www.afiesa.com\/ca\/tractaments-amb-finalitats-de-videovigilancia-quines-novetats-introdueix-la-nova-lopd\/","name":"Tractaments amb finalitats de videovigil\u00e0ncia Quines novetats introdueix la nova LOPD? - AFIESA","isPartOf":{"@id":"https:\/\/www.afiesa.com\/#website"},"datePublished":"2019-06-21T08:00:41+00:00","author":{"@id":"https:\/\/www.afiesa.com\/#\/schema\/person\/5b143f12bb3627bb3f25e8a5a75a638f"},"breadcrumb":{"@id":"https:\/\/www.afiesa.com\/ca\/tractaments-amb-finalitats-de-videovigilancia-quines-novetats-introdueix-la-nova-lopd\/#breadcrumb"},"inLanguage":"ca","potentialAction":[{"@type":"ReadAction","target":["https:\/\/www.afiesa.com\/ca\/tractaments-amb-finalitats-de-videovigilancia-quines-novetats-introdueix-la-nova-lopd\/"]}]},{"@type":"BreadcrumbList","@id":"https:\/\/www.afiesa.com\/ca\/tractaments-amb-finalitats-de-videovigilancia-quines-novetats-introdueix-la-nova-lopd\/#breadcrumb","itemListElement":[{"@type":"ListItem","position":1,"name":"Portada","item":"https:\/\/www.afiesa.com\/ca\/"},{"@type":"ListItem","position":2,"name":"Tractaments amb finalitats de videovigil\u00e0ncia Quines novetats introdueix la nova LOPD?"}]},{"@type":"WebSite","@id":"https:\/\/www.afiesa.com\/#website","url":"https:\/\/www.afiesa.com\/","name":"AFIESA","description":"Gestor\u00eda","potentialAction":[{"@type":"SearchAction","target":{"@type":"EntryPoint","urlTemplate":"https:\/\/www.afiesa.com\/?s={search_term_string}"},"query-input":{"@type":"PropertyValueSpecification","valueRequired":true,"valueName":"search_term_string"}}],"inLanguage":"ca"},{"@type":"Person","@id":"https:\/\/www.afiesa.com\/#\/schema\/person\/5b143f12bb3627bb3f25e8a5a75a638f","name":"Pere Sbert","image":{"@type":"ImageObject","inLanguage":"ca","@id":"https:\/\/www.afiesa.com\/#\/schema\/person\/image\/","url":"https:\/\/secure.gravatar.com\/avatar\/19d7d7a2fa30cb2610194589853bb0e30399b53150df754858f68d41d4f5d4e5?s=96&d=mm&r=g","contentUrl":"https:\/\/secure.gravatar.com\/avatar\/19d7d7a2fa30cb2610194589853bb0e30399b53150df754858f68d41d4f5d4e5?s=96&d=mm&r=g","caption":"Pere Sbert"}}]}},"_links":{"self":[{"href":"https:\/\/www.afiesa.com\/ca\/wp-json\/wp\/v2\/posts\/1734","targetHints":{"allow":["GET"]}}],"collection":[{"href":"https:\/\/www.afiesa.com\/ca\/wp-json\/wp\/v2\/posts"}],"about":[{"href":"https:\/\/www.afiesa.com\/ca\/wp-json\/wp\/v2\/types\/post"}],"author":[{"embeddable":true,"href":"https:\/\/www.afiesa.com\/ca\/wp-json\/wp\/v2\/users\/2"}],"replies":[{"embeddable":true,"href":"https:\/\/www.afiesa.com\/ca\/wp-json\/wp\/v2\/comments?post=1734"}],"version-history":[{"count":0,"href":"https:\/\/www.afiesa.com\/ca\/wp-json\/wp\/v2\/posts\/1734\/revisions"}],"wp:attachment":[{"href":"https:\/\/www.afiesa.com\/ca\/wp-json\/wp\/v2\/media?parent=1734"}],"wp:term":[{"taxonomy":"category","embeddable":true,"href":"https:\/\/www.afiesa.com\/ca\/wp-json\/wp\/v2\/categories?post=1734"},{"taxonomy":"post_tag","embeddable":true,"href":"https:\/\/www.afiesa.com\/ca\/wp-json\/wp\/v2\/tags?post=1734"}],"curies":[{"name":"wp","href":"https:\/\/api.w.org\/{rel}","templated":true}]}}