{"id":1638,"date":"2017-05-08T11:45:54","date_gmt":"2017-05-08T11:45:54","guid":{"rendered":"http:\/\/www.afiesa.com\/puedo-seguir-aplazando-iva-2017\/"},"modified":"2017-06-07T12:29:26","modified_gmt":"2017-06-07T12:29:26","slug":"puedo-seguir-aplazando-iva-2017","status":"publish","type":"post","link":"https:\/\/www.afiesa.com\/ca\/puedo-seguir-aplazando-iva-2017\/","title":{"rendered":"Puc seguir ajornant l&#8217;IVA en el 2017?"},"content":{"rendered":"<p><span id=\"result_box\" class=\"\" lang=\"ca\" tabindex=\"-1\"><span title=\"Tanto para personas f\u00edsicas como para personas jur\u00eddicas que soliciten el aplazamiento o el fraccionamiento de IVA de importe igual o inferior a 30.000 euros, no ser\u00e1 necesario justificar las necesidades de tesorer\u00eda ni el impago de los impuestos repercutidos (IVA e impuestos especiales).\n\">Tant per a persones f\u00edsiques com per persones jur\u00eddiques que sol\u00b7licitin l&#8217;ajornament o el fraccionament d&#8217;IVA d&#8217;import igual o inferior a 30.000 euros, no ser\u00e0 necessari justificar les necessitats de tresoreria ni l&#8217;impagament dels impostos repercutits (IVA i impostos especials).<\/span><\/span><\/p>\n<p><span id=\"result_box\" class=\"\" lang=\"ca\" tabindex=\"-1\"><span title=\"Tanto para personas f\u00edsicas como para personas jur\u00eddicas que soliciten el aplazamiento o el fraccionamiento de IVA de importe igual o inferior a 30.000 euros, no ser\u00e1 necesario justificar las necesidades de tesorer\u00eda ni el impago de los impuestos repercutidos (IVA e impuestos especiales).\n\"><br \/>\n<\/span><span title=\"Novedades en los aplazamientos y fraccionamientos\n\n\"><strong>Novetats en els ajornaments i fraccionaments<\/strong><\/p>\n<p><\/span><span title=\"Dadas las dudas planteadas como consecuencia de las modificaciones en los aplazamientos o fraccionamientos de determinadas obligaciones tributaria introducidas por el Real Decreto-ley 3\/2016 (RDL 3\/2016), el pasado 13 de enero la Agencia Tributaria hizo un comunicado titulado \u201clos aplazamientos\">Donades els dubtes plantejats com a conseq\u00fc\u00e8ncia de les modificacions en els ajornaments o fraccionaments de determinades obligacions tribut\u00e0ria introdu\u00efdes pel Reial decret llei 3\/2016 (RDL 3\/2016), el passat 13 de gener l&#8217;Ag\u00e8ncia Tribut\u00e0ria va fer un comunicat titulat &#8220;els ajornaments <\/span><span title=\"a los aut\u00f3nomos tras el Real Decreto-ley 3\/2016\u201d y el pasado 19 de enero public\u00f3 la Instrucci\u00f3n 1\/2017, de 18 de enero, de la Directora del Departamento de Recaudaci\u00f3n de la AEAT, sobre gesti\u00f3n de aplazamientos y fraccionamientos de pago\">als aut\u00f2noms despr\u00e9s del Reial decret llei 3\/2016 &#8220;i el 19 de gener passat va publicar la Instrucci\u00f3 1\/2017, de 18 de gener, de la Directora del Departament de Recaptaci\u00f3 de l&#8217;AEAT, sobre gesti\u00f3 d&#8217;ajornaments i fraccionaments de pagament <\/span><span title=\", que ser\u00e1 de aplicaci\u00f3n a las solicitudes presentadas a partir del d\u00eda 1 de enero de 2017, que actualiza los criterios existentes en lo que se refiere a plazos, garant\u00edas y otros aspectos del procedimiento, diferenciando entre el procedimiento para la resoluci\u00f3n en el caso de\">, que ser\u00e0 d&#8217;aplicaci\u00f3 a les sol\u00b7licituds presentades a partir del dia 1 de gener de 2017, que actualitza els criteris existents pel que fa a terminis, garanties i altres aspectes del procediment, diferenciant entre el procediment per a la resoluci\u00f3 en el cas de <\/span><span title=\"actuaciones administrativas automatizadas de aplazamientos y fraccionamientos de pago, que se desarrolla a trav\u00e9s de una herramienta inform\u00e1tica aplicable a la gesti\u00f3n de a\">actuacions administratives automatitzades d&#8217;ajornaments i fraccionaments de pagament, que es desenvolupa a trav\u00e9s d&#8217;una eina inform\u00e0tica aplicable a la gesti\u00f3 de a <\/span><span title=\"plazamientos y fraccionamientos de aquellas deudas a que se refiere el art\u00edculo 82.2 a) de la LGT y el procedimiento general de resoluci\u00f3n automatizada \u2013\u201cordinario\u201d \u2013.\n\n\">ments i fraccionaments d&#8217;aquells deutes a qu\u00e8 es refereix l&#8217;article 82.2 a) de la LGT i el procediment general de resoluci\u00f3 automatitzada &#8211; &#8220;ordinari&#8221; -.<\/p>\n<p><\/span><span title=\"Atenci\u00f3n.\">Atenci\u00f3. <\/span><span title=\"En concreto, el RDL 3\/2016 establece que no se puedan aplazar o fraccionar las siguientes deudas:\n\n\u00a0\u00a0\u00a0\u00a0\">En concret, el RDL 3\/2016 estableix que no es puguin ajornar o fraccionar els seg\u00fcents deutes:<\/p>\n<p><\/span><span title=\"Las del retenedor u obligado a realizar ingresos a cuenta, ni siquiera con las excepciones reguladas anteriormente.\n\u00a0\u00a0\u00a0\u00a0\">Les del retenidor o obligat a realitzar ingressos a compte, ni tan sols amb les excepcions regulades anteriorment.<br \/>\n<\/span><span title=\"Las derivadas de la ejecuci\u00f3n de resoluciones firmes desestimatorias suspendidas durante las reclamaciones o recursos.\n\u00a0\u00a0\u00a0\u00a0\">Les derivades de l&#8217;execuci\u00f3 de resolucions fermes desestimat\u00f2ries suspeses durant les reclamacions o recursos.<br \/>\n<\/span><span title=\"Las de tributos repercutidos, excepto prueba de que las cuotas no fueron pagadas\n\u00a0\u00a0\u00a0\u00a0\">Les de tributs repercutits, excepte prova que les quotes no van ser pagades<br \/>\n<\/span><span title=\"Las de los pagos fraccionados del Impuesto sobre Sociedades.\">Les dels pagaments fraccionats de l&#8217;Impost sobre Societats.<\/span><\/span><\/p>\n<p>&nbsp;<\/p>\n<p>&nbsp;<\/p>\n<p><span id=\"result_box\" class=\"\" lang=\"ca\" tabindex=\"-1\"><span title=\"Criterio de Hacienda con relaci\u00f3n al aplazamiento del IVA\n\n\">Criteri d&#8217;Hisenda amb relaci\u00f3 a l&#8217;ajornament de l&#8217;IVA<\/p>\n<p><\/span><span title=\"Con relaci\u00f3n al IVA, y de acuerdo Instrucci\u00f3n 1\/2017, de 18 de enero, sobre gesti\u00f3n de aplazamientos y fraccionamientos de pago se establece lo siguiente con relaci\u00f3n al IVA:\n\n\u00a0\u00a0\u00a0\u00a0\">Amb relaci\u00f3 a l&#8217;IVA, i d&#8217;acord Instrucci\u00f3 1\/2017, de 18 de gener, sobre gesti\u00f3 d&#8217;ajornaments i fraccionaments de pagament s&#8217;estableix el seg\u00fcent amb relaci\u00f3 a l&#8217;IVA:<\/p>\n<p><\/span><span title=\"Aplazamiento de IVA mediante procedimiento automatizado\n\n\">Ajornament d&#8217;IVA mitjan\u00e7ant procediment automatitzat<\/p>\n<p><\/span><span title=\"Los aplazamientos y fraccionamientos de las deudas de IVA por importe igual o inferior a 30.000 euros se desarrollan a trav\u00e9s de una herramienta inform\u00e1tica que permite su resoluci\u00f3n mediante actuaciones administrativas automatizadas.\">Els ajornaments i fraccionaments dels deutes d&#8217;IVA per import igual o inferior a 30.000 euros es desenvolupen a trav\u00e9s d&#8217;una eina inform\u00e0tica que permet la seva resoluci\u00f3 mitjan\u00e7ant actuacions administratives automatitzades. <\/span><span title=\"En las solicitudes tramitadas a trav\u00e9s de este procedimiento, se presumir\u00e1n acreditadas la transitoriedad de las dificultades de tesorer\u00eda y la falta de ingreso de los impuestos repercutidos con la formulaci\u00f3n de la solicitud.\">En les sol\u00b7licituds tramitades a trav\u00e9s d&#8217;aquest procediment, es presumeixen acreditades la transitorietat de les dificultats de tresoreria i la falta d&#8217;ingr\u00e9s dels impostos repercutits amb la formulaci\u00f3 de la sol\u00b7licitud. <\/span><span title=\"En consecuencia, tanto para personas f\u00edsicas como para personas jur\u00eddicas que soliciten el aplazamiento o el fraccionamiento de IVA de importe igual o inferior a 30.000 euros, no ser\u00e1 necesario justificar las necesidades de tesorer\u00eda ni el impago de los impuestos repercutidos (IVA e impuestos especiales)\">En conseq\u00fc\u00e8ncia, tant per persones f\u00edsiques com per persones jur\u00eddiques que sol\u00b7licitin l&#8217;ajornament o el fraccionament d&#8217;IVA d&#8217;import igual o inferior a 30.000 euros, no ser\u00e0 necessari justificar les necessitats de tresoreria ni l&#8217;impagament dels impostos repercutits (IVA i impostos especials) <\/span><span title=\".\n\n\">.<\/p>\n<p><\/span><span title=\"Los plazos m\u00e1ximos de pago establecidos son los siguientes:\n\n\u00a0\u00a0\u00a0\u00a0\">Els terminis m\u00e0xims de pagament establerts s\u00f3n els seg\u00fcents:<\/p>\n<p><\/span><span title=\"a) Deudas correspondientes a personas jur\u00eddicas, herencias yacentes, comunidades de bienes y dem\u00e1s entidades que, carentes de personalidad jur\u00eddica, constituyan una unidad econ\u00f3mica o un patrimonio separado susceptibles de imposici\u00f3n: 6 plazos mensuales.\n\n\u00a0\u00a0\u00a0\u00a0\">a) Deutes corresponents a persones jur\u00eddiques, her\u00e8ncies jacents, comunitats de b\u00e9ns i altres entitats que, mancades de personalitat jur\u00eddica, constitueixin una unitat econ\u00f2mica o un patrimoni separat susceptibles d&#8217;imposici\u00f3: 6 terminis mensuals.<\/p>\n<p><\/span><span title=\"b) Deudas correspondientes a personas f\u00edsicas: 12 plazos mensuales.\n\n\">b) Deutes corresponents a persones f\u00edsiques: 12 terminis mensuals.<\/p>\n<p><\/span><span title=\"En caso de solicitar un plazo inferior, se conceder\u00e1 el plazo solicitado.\">En cas de sol\u00b7licitar un termini inferior, es concedir\u00e0 el termini sol\u00b7licitat. <\/span><span title=\"En ning\u00fan caso los importes establecidos en estos plazos, excluidos los intereses, podr\u00e1n ser inferiores a 30 euros.\">En cap cas els imports establerts en aquests terminis, exclosos els interessos, podran ser inferiors a 30 euros. <\/span><span title=\"La periodicidad de los pagos ser\u00e1, en todo caso, mensual.\n\n\">La periodicitat dels pagaments ser\u00e0, en tot cas, mensual.<\/p>\n<p><\/span><span title=\"Atenci\u00f3n.\">Atenci\u00f3. <\/span><span title=\"Se denegar\u00e1n las solicitudes en los siguientes casos:\n\n\u00a0\u00a0\u00a0\u00a0\">Es denegaran les sol\u00b7licituds en els seg\u00fcents casos:<\/p>\n<p><\/span><span title=\"Siempre que el deudor tenga otras deudas en periodo ejecutivo respecto de las que no se haya solicitado aplazamiento o fraccionamiento de pago, cuya providencia de apremio haya sido notificada, siempre que el importe total de dichas deudas sea superior a 600 euros.\n\n\u00a0\u00a0\u00a0\u00a0\">Sempre que el deutor tingui altres deutes en per\u00edode executiu respecte de les que no s&#8217;hagi sol\u00b7licitat ajornament o fraccionament de pagament, la provisi\u00f3 de constrenyiment hagi estat notificada, sempre que l&#8217;import total d&#8217;aquests deutes sigui superior a 600 euros.<\/p>\n<p><\/span><span title=\"Cuando en la solicitud de aplazamiento se incluya alguna deuda que hubiese estado incluida con anterioridad en un acuerdo finalizado por incumplimiento de pago.\n\n\u00a0\u00a0\u00a0\u00a0\">Quan en la sol\u00b7licitud d&#8217;ajornament s&#8217;inclogui algun deute que hagu\u00e9s estat inclosa amb anterioritat en un acord finalitzat per incompliment de pagament.<\/p>\n<p><\/span><span title=\"Procedimiento no automatizado\n\n\">Procediment no automatitzat<\/p>\n<p><\/span><span title=\"Los aplazamientos y fraccionamientos de IVA de importe superior a 30.000 euros se resuelven a trav\u00e9s de un procedimiento no automatizado.\">Els ajornaments i fraccionaments d&#8217;IVA d&#8217;import superior a 30.000 euros es resolen a trav\u00e9s d&#8217;un procediment no automatitzat. <\/span><span title=\"En este caso, a parte de la aportaci\u00f3n de garant\u00edas en el caso de solicitudes de aplazamiento o fraccionamiento de deudas tributarias derivadas de tributos que deban ser legalmente repercutidos, para acreditar el impago de las cuotas repercutidas ser\u00e1 necesario aportar la siguiente documentaci\u00f3n:\n\n\u00a0\u00a0\u00a0\u00a0\">En aquest cas, a part de l&#8217;aportaci\u00f3 de garanties en el cas de sol\u00b7licituds d&#8217;ajornament o fraccionament de deutes tributaris derivats de tributs que hagin de ser legalment repercutits, per acreditar l&#8217;impagament de les quotes repercutides caldr\u00e0 aportar la seg\u00fcent documentaci\u00f3:<\/p>\n<p><\/span><span title=\"Relaci\u00f3n de las facturas emitidas que no han sido cobradas con identificaci\u00f3n de clientes, cuant\u00edas y fecha de vencimiento de las mismas.\n\n\u00a0\u00a0\u00a0\u00a0\">Relaci\u00f3 de les factures emeses que no han estat cobrades amb identificaci\u00f3 de clients, quanties i data de venciment de les mateixes.<\/p>\n<p><\/span><span title=\"Justificaci\u00f3n documental que acredite que dichas facturas no han sido efectivamente satisfechas.\n\n\u00a0\u00a0\u00a0\u00a0\">Justificaci\u00f3 documental que acrediti que aquestes factures no han estat efectivament satisfetes.<\/p>\n<p><\/span><span title=\"Relaci\u00f3n de facturas recibidas, con identificaci\u00f3n de proveedores y cuant\u00edas, acredit\u00e1ndose si las mismas han sido satisfechas y, en su caso, acreditaci\u00f3n de los medios de pago utilizados.\n\n\u00a0\u00a0\u00a0\u00a0\">Relaci\u00f3 de factures rebudes, amb identificaci\u00f3 de prove\u00efdors i quanties, acreditant si les mateixes han estat satisfetes i, si escau, acreditaci\u00f3 dels mitjans de pagament utilitzats.<\/p>\n<p><\/span><span title=\"Copia de cuantos requerimientos o actuaciones se hayan realizado frente al acreedor reclamando el pago de las facturas impagadas.\n\n\">C\u00f2pia de tots els requeriments o actuacions s&#8217;hagin realitzat davant del creditor reclamant el pagament de les factures impagades.<\/p>\n<p><\/span><span title=\"No obstante, en el acuerdo de concesi\u00f3n se incluir\u00e1 una cl\u00e1usula en al que se especifique que, en el caso de producirse el cobro efectivo del tributo repercutido deber\u00e1 ingresarse \u00edntegramente el pago de la deuda pendiente a Hacienda.\">No obstant aix\u00f2, en l&#8217;acord de concessi\u00f3 s&#8217;inclour\u00e0 una cl\u00e0usula en al qual s&#8217;especifiqui que, en el cas de produir-se el cobrament efectiu del tribut repercutit haur\u00e0 d&#8217;ingressar \u00edntegrament el pagament del deute pendent a Hisenda. <\/span><span title=\"Se a\u00f1ade a su vez una cl\u00e1usula de cancelaci\u00f3n por incumplimiento, cuando, habiendo cobrado las cantidades repercutidas y pendientes, el contribuyente no las destine al pago anticipado del aplazamiento en el plazo m\u00e1ximo de 10 d\u00edas desde el cobro efectivo.\">S&#8217;afegeix al seu torn una cl\u00e0usula de cancel\u00b7laci\u00f3 per incompliment, quan, havent cobrat les quantitats repercutides i pendents, el contribuent no els destini al pagament anticipat de l&#8217;ajornament en el termini m\u00e0xim de 10 dies des del cobrament efectiu.<\/span><\/span><br \/>\n<em>\u00a0<\/em><\/p>\n<p><em>\u00a0<\/em><\/p>\n<table>\n<tbody>\n<tr>\n<td width=\"426\"><span id=\"result_box\" class=\"\" lang=\"ca\" tabindex=\"-1\">Els ajornaments i fraccionaments d&#8217;IVA d&#8217;import superior a 30.000 euros es resolen a trav\u00e9s d&#8217;un procediment no automatitzat. En aquest cas, a part de l&#8217;aportaci\u00f3 de garanties en el cas de sol\u00b7licituds d&#8217;ajornament o fraccionament de deutes tributaris derivats de tributs que hagin de ser legalment repercutits, per acreditar l&#8217;impagament <span class=\"\">de les<\/span> quotes repercutides caldr\u00e0 aportar una s\u00e8rie documentaci\u00f3 fixada per <span class=\"\">la Instrucci\u00f3<\/span> <span class=\"\">1\/2017<\/span>, de 18 de gener, de la Directora del Departament de Recaptaci\u00f3 de l&#8217;AEAT, <span class=\"\">sobre gesti\u00f3<\/span> d&#8217;ajornaments i fraccionaments de pagament.<\/span><\/td>\n<\/tr>\n<\/tbody>\n<\/table>\n","protected":false},"excerpt":{"rendered":"<p>Tant per a persones f\u00edsiques com per persones jur\u00eddiques que sol\u00b7licitin l&#8217;ajornament o el fraccionament d&#8217;IVA d&#8217;import igual o inferior a 30.000 euros, no ser\u00e0 necessari justificar les necessitats de tresoreria ni l&#8217;impagament dels impostos repercutits (IVA i impostos especials). Novetats en els ajornaments i fraccionaments Donades els dubtes plantejats com a conseq\u00fc\u00e8ncia de les<\/p>\n","protected":false},"author":1,"featured_media":0,"comment_status":"open","ping_status":"open","sticky":false,"template":"","format":"standard","meta":{"footnotes":""},"categories":[42,48,46,45],"tags":[],"class_list":["post-1638","post","type-post","status-publish","format-standard","hentry","category-autonoms-ca","category-fiscal-ca","category-pere-sbert-ca","category-societats-ca"],"yoast_head":"<!-- This site is optimized with the Yoast SEO plugin v25.9 - https:\/\/yoast.com\/wordpress\/plugins\/seo\/ -->\n<title>Puc seguir ajornant l&#039;IVA en el 2017? - AFIESA<\/title>\n<meta name=\"robots\" content=\"index, follow, max-snippet:-1, max-image-preview:large, max-video-preview:-1\" \/>\n<link rel=\"canonical\" href=\"https:\/\/www.afiesa.com\/ca\/puedo-seguir-aplazando-iva-2017\/\" \/>\n<meta property=\"og:locale\" content=\"ca_ES\" \/>\n<meta property=\"og:type\" content=\"article\" \/>\n<meta property=\"og:title\" content=\"Puc seguir ajornant l&#039;IVA en el 2017? - AFIESA\" \/>\n<meta property=\"og:description\" content=\"Tant per a persones f\u00edsiques com per persones jur\u00eddiques que sol\u00b7licitin l&#8217;ajornament o el fraccionament d&#8217;IVA d&#8217;import igual o inferior a 30.000 euros, no ser\u00e0 necessari justificar les necessitats de tresoreria ni l&#8217;impagament dels impostos repercutits (IVA i impostos especials). Novetats en els ajornaments i fraccionaments Donades els dubtes plantejats com a conseq\u00fc\u00e8ncia de les\" \/>\n<meta property=\"og:url\" content=\"https:\/\/www.afiesa.com\/ca\/puedo-seguir-aplazando-iva-2017\/\" \/>\n<meta property=\"og:site_name\" content=\"AFIESA\" \/>\n<meta property=\"article:published_time\" content=\"2017-05-08T11:45:54+00:00\" \/>\n<meta property=\"article:modified_time\" content=\"2017-06-07T12:29:26+00:00\" \/>\n<meta name=\"author\" content=\"adminafiesa\" \/>\n<meta name=\"twitter:card\" content=\"summary_large_image\" \/>\n<meta name=\"twitter:label1\" content=\"Escrit per\" \/>\n\t<meta name=\"twitter:data1\" content=\"adminafiesa\" \/>\n\t<meta name=\"twitter:label2\" content=\"Temps estimat de lectura\" \/>\n\t<meta name=\"twitter:data2\" content=\"5 minuts\" \/>\n<script type=\"application\/ld+json\" class=\"yoast-schema-graph\">{\"@context\":\"https:\/\/schema.org\",\"@graph\":[{\"@type\":\"WebPage\",\"@id\":\"https:\/\/www.afiesa.com\/ca\/puedo-seguir-aplazando-iva-2017\/\",\"url\":\"https:\/\/www.afiesa.com\/ca\/puedo-seguir-aplazando-iva-2017\/\",\"name\":\"Puc seguir ajornant l'IVA en el 2017? - AFIESA\",\"isPartOf\":{\"@id\":\"https:\/\/www.afiesa.com\/#website\"},\"datePublished\":\"2017-05-08T11:45:54+00:00\",\"dateModified\":\"2017-06-07T12:29:26+00:00\",\"author\":{\"@id\":\"https:\/\/www.afiesa.com\/#\/schema\/person\/68350dbb2abbb61894b55425ff6e562a\"},\"breadcrumb\":{\"@id\":\"https:\/\/www.afiesa.com\/ca\/puedo-seguir-aplazando-iva-2017\/#breadcrumb\"},\"inLanguage\":\"ca\",\"potentialAction\":[{\"@type\":\"ReadAction\",\"target\":[\"https:\/\/www.afiesa.com\/ca\/puedo-seguir-aplazando-iva-2017\/\"]}]},{\"@type\":\"BreadcrumbList\",\"@id\":\"https:\/\/www.afiesa.com\/ca\/puedo-seguir-aplazando-iva-2017\/#breadcrumb\",\"itemListElement\":[{\"@type\":\"ListItem\",\"position\":1,\"name\":\"Portada\",\"item\":\"https:\/\/www.afiesa.com\/ca\/\"},{\"@type\":\"ListItem\",\"position\":2,\"name\":\"Puc seguir ajornant l&#8217;IVA en el 2017?\"}]},{\"@type\":\"WebSite\",\"@id\":\"https:\/\/www.afiesa.com\/#website\",\"url\":\"https:\/\/www.afiesa.com\/\",\"name\":\"AFIESA\",\"description\":\"Gestor\u00eda\",\"potentialAction\":[{\"@type\":\"SearchAction\",\"target\":{\"@type\":\"EntryPoint\",\"urlTemplate\":\"https:\/\/www.afiesa.com\/?s={search_term_string}\"},\"query-input\":{\"@type\":\"PropertyValueSpecification\",\"valueRequired\":true,\"valueName\":\"search_term_string\"}}],\"inLanguage\":\"ca\"},{\"@type\":\"Person\",\"@id\":\"https:\/\/www.afiesa.com\/#\/schema\/person\/68350dbb2abbb61894b55425ff6e562a\",\"name\":\"adminafiesa\",\"image\":{\"@type\":\"ImageObject\",\"inLanguage\":\"ca\",\"@id\":\"https:\/\/www.afiesa.com\/#\/schema\/person\/image\/\",\"url\":\"https:\/\/secure.gravatar.com\/avatar\/1d859ebc08c8b23671c0f7a029e6c00de12a26bd33632d7313644a02179dbc1a?s=96&d=mm&r=g\",\"contentUrl\":\"https:\/\/secure.gravatar.com\/avatar\/1d859ebc08c8b23671c0f7a029e6c00de12a26bd33632d7313644a02179dbc1a?s=96&d=mm&r=g\",\"caption\":\"adminafiesa\"}}]}<\/script>\n<!-- \/ Yoast SEO plugin. -->","yoast_head_json":{"title":"Puc seguir ajornant l'IVA en el 2017? - AFIESA","robots":{"index":"index","follow":"follow","max-snippet":"max-snippet:-1","max-image-preview":"max-image-preview:large","max-video-preview":"max-video-preview:-1"},"canonical":"https:\/\/www.afiesa.com\/ca\/puedo-seguir-aplazando-iva-2017\/","og_locale":"ca_ES","og_type":"article","og_title":"Puc seguir ajornant l'IVA en el 2017? - AFIESA","og_description":"Tant per a persones f\u00edsiques com per persones jur\u00eddiques que sol\u00b7licitin l&#8217;ajornament o el fraccionament d&#8217;IVA d&#8217;import igual o inferior a 30.000 euros, no ser\u00e0 necessari justificar les necessitats de tresoreria ni l&#8217;impagament dels impostos repercutits (IVA i impostos especials). Novetats en els ajornaments i fraccionaments Donades els dubtes plantejats com a conseq\u00fc\u00e8ncia de les","og_url":"https:\/\/www.afiesa.com\/ca\/puedo-seguir-aplazando-iva-2017\/","og_site_name":"AFIESA","article_published_time":"2017-05-08T11:45:54+00:00","article_modified_time":"2017-06-07T12:29:26+00:00","author":"adminafiesa","twitter_card":"summary_large_image","twitter_misc":{"Escrit per":"adminafiesa","Temps estimat de lectura":"5 minuts"},"schema":{"@context":"https:\/\/schema.org","@graph":[{"@type":"WebPage","@id":"https:\/\/www.afiesa.com\/ca\/puedo-seguir-aplazando-iva-2017\/","url":"https:\/\/www.afiesa.com\/ca\/puedo-seguir-aplazando-iva-2017\/","name":"Puc seguir ajornant l'IVA en el 2017? - AFIESA","isPartOf":{"@id":"https:\/\/www.afiesa.com\/#website"},"datePublished":"2017-05-08T11:45:54+00:00","dateModified":"2017-06-07T12:29:26+00:00","author":{"@id":"https:\/\/www.afiesa.com\/#\/schema\/person\/68350dbb2abbb61894b55425ff6e562a"},"breadcrumb":{"@id":"https:\/\/www.afiesa.com\/ca\/puedo-seguir-aplazando-iva-2017\/#breadcrumb"},"inLanguage":"ca","potentialAction":[{"@type":"ReadAction","target":["https:\/\/www.afiesa.com\/ca\/puedo-seguir-aplazando-iva-2017\/"]}]},{"@type":"BreadcrumbList","@id":"https:\/\/www.afiesa.com\/ca\/puedo-seguir-aplazando-iva-2017\/#breadcrumb","itemListElement":[{"@type":"ListItem","position":1,"name":"Portada","item":"https:\/\/www.afiesa.com\/ca\/"},{"@type":"ListItem","position":2,"name":"Puc seguir ajornant l&#8217;IVA en el 2017?"}]},{"@type":"WebSite","@id":"https:\/\/www.afiesa.com\/#website","url":"https:\/\/www.afiesa.com\/","name":"AFIESA","description":"Gestor\u00eda","potentialAction":[{"@type":"SearchAction","target":{"@type":"EntryPoint","urlTemplate":"https:\/\/www.afiesa.com\/?s={search_term_string}"},"query-input":{"@type":"PropertyValueSpecification","valueRequired":true,"valueName":"search_term_string"}}],"inLanguage":"ca"},{"@type":"Person","@id":"https:\/\/www.afiesa.com\/#\/schema\/person\/68350dbb2abbb61894b55425ff6e562a","name":"adminafiesa","image":{"@type":"ImageObject","inLanguage":"ca","@id":"https:\/\/www.afiesa.com\/#\/schema\/person\/image\/","url":"https:\/\/secure.gravatar.com\/avatar\/1d859ebc08c8b23671c0f7a029e6c00de12a26bd33632d7313644a02179dbc1a?s=96&d=mm&r=g","contentUrl":"https:\/\/secure.gravatar.com\/avatar\/1d859ebc08c8b23671c0f7a029e6c00de12a26bd33632d7313644a02179dbc1a?s=96&d=mm&r=g","caption":"adminafiesa"}}]}},"_links":{"self":[{"href":"https:\/\/www.afiesa.com\/ca\/wp-json\/wp\/v2\/posts\/1638","targetHints":{"allow":["GET"]}}],"collection":[{"href":"https:\/\/www.afiesa.com\/ca\/wp-json\/wp\/v2\/posts"}],"about":[{"href":"https:\/\/www.afiesa.com\/ca\/wp-json\/wp\/v2\/types\/post"}],"author":[{"embeddable":true,"href":"https:\/\/www.afiesa.com\/ca\/wp-json\/wp\/v2\/users\/1"}],"replies":[{"embeddable":true,"href":"https:\/\/www.afiesa.com\/ca\/wp-json\/wp\/v2\/comments?post=1638"}],"version-history":[{"count":2,"href":"https:\/\/www.afiesa.com\/ca\/wp-json\/wp\/v2\/posts\/1638\/revisions"}],"predecessor-version":[{"id":1640,"href":"https:\/\/www.afiesa.com\/ca\/wp-json\/wp\/v2\/posts\/1638\/revisions\/1640"}],"wp:attachment":[{"href":"https:\/\/www.afiesa.com\/ca\/wp-json\/wp\/v2\/media?parent=1638"}],"wp:term":[{"taxonomy":"category","embeddable":true,"href":"https:\/\/www.afiesa.com\/ca\/wp-json\/wp\/v2\/categories?post=1638"},{"taxonomy":"post_tag","embeddable":true,"href":"https:\/\/www.afiesa.com\/ca\/wp-json\/wp\/v2\/tags?post=1638"}],"curies":[{"name":"wp","href":"https:\/\/api.w.org\/{rel}","templated":true}]}}