{"id":1635,"date":"2017-05-08T11:49:17","date_gmt":"2017-05-08T11:49:17","guid":{"rendered":"http:\/\/www.afiesa.com\/tenga-presente-se-ha-modificado-plazo-remitir-facturas-empresas-profesionales\/"},"modified":"2017-06-07T12:29:21","modified_gmt":"2017-06-07T12:29:21","slug":"tenga-presente-se-ha-modificado-plazo-remitir-facturas-empresas-profesionales","status":"publish","type":"post","link":"https:\/\/www.afiesa.com\/ca\/tenga-presente-se-ha-modificado-plazo-remitir-facturas-empresas-profesionales\/","title":{"rendered":"Tingueu present que s&#8217;ha modificat el termini per a remetre factures a empreses i professionals"},"content":{"rendered":"<p><span id=\"result_box\" class=\"\" lang=\"ca\" tabindex=\"-1\"><span title=\"Hasta el 31-12-2016, el plazo de remisi\u00f3n de las facturas en el supuesto de que el destinatario sea otro empresario o profesional era el de un mes desde de la fecha de expedici\u00f3n de las facturas.\">Fins al 2016.12.31, el termini de remissi\u00f3 de les factures en el cas que el destinatari sigui un altre empresari o professional era el d&#8217;un mes des de la data d&#8217;expedici\u00f3 de les factures. <\/span><span title=\"Desde el 01-01-2017 las facturas deben ser remitidas antes del d\u00eda 16 del mes siguiente al de realizaci\u00f3n de la operaci\u00f3n.\n\n\">Des del 2017.01.01 les factures s&#8217;han de remetre abans del dia 16 del mes seg\u00fcent al de realitzaci\u00f3 de l&#8217;operaci\u00f3.<\/p>\n<p><\/span><span title=\"Le recordamos que dese el 1 de enero de 2017, la Disposici\u00f3n final segunda del Real Decreto 596\/2016 ha modificado el art\u00edculo 18 del Reglamento de facturaci\u00f3n (Real Decreto 1619\/2012), para especificar que, en el caso de que el destinatario sea\">Li recordem que dese l&#8217;1 de gener de 2017, la disposici\u00f3 final segona del Reial Decret 596\/2016 ha modificat l&#8217;article 18 del Reglament de facturaci\u00f3 (Reial Decret 1619\/2012), per especificar que, en el cas que el destinatari sigui <\/span><span title=\"un empresario o profesional, la factura deber\u00e1 remitirse al mismo antes del d\u00eda 16 del mes siguiente a aquel en que se ha producido el devengo del IVA correspondiente a la citada operaci\u00f3n o en el caso de las operaciones acogidas al r\u00e9gimen especial del criterio de caja antes\">un empresari o professional, la factura haur\u00e0 de remetre al mateix abans del dia 16 del mes seg\u00fcent a aquell en qu\u00e8 s&#8217;ha produ\u00eft la meritaci\u00f3 de l&#8217;IVA corresponent a l&#8217;esmentada operaci\u00f3 o en el cas de les operacions acollides al r\u00e8gim especial del criteri de caixa abans <\/span><span title=\"del d\u00eda 16 del mes siguiente a aquel en que se hubiera realizado la misma.\n\n\">del dia 16 del mes seg\u00fcent a aquell en que s&#8217;hagu\u00e9s realitzat la mateixa.<\/p>\n<p><\/span><span title=\"Por ejemplo, si la fecha de la operaci\u00f3n es del 1 de febrero de 2017, el plazo m\u00e1ximo de emisi\u00f3n y remisi\u00f3n de la factura es el 15 de marzo de 2017.\n\n\">Per exemple, si la data de l&#8217;operaci\u00f3 \u00e9s l&#8217;1 de febrer de 2017, el termini m\u00e0xim d&#8217;emissi\u00f3 i tramesa de la factura \u00e9s el 15 de mar\u00e7 de 2017.<\/p>\n<p><\/span><span title=\"Hasta el 31-12-2016, el plazo de remisi\u00f3n de las facturas en el supuesto de que el destinatario sea otro empresario o profesional era el de un mes desde de la fecha de expedici\u00f3n de las facturas.\">Fins al 2016.12.31, el termini de remissi\u00f3 de les factures en el cas que el destinatari sigui un altre empresari o professional era el d&#8217;un mes des de la data d&#8217;expedici\u00f3 de les factures. <\/span><span title=\"Es decir, las facturas por operaciones realizadas el mismo mes deb\u00edan emitirse antes del d\u00eda 16 del mes siguiente.\">\u00c9s a dir, les factures per operacions realitzades el mateix mes havien de ser em\u00e8s abans del dia 16 del mes seg\u00fcent. <\/span><span title=\"Y una vez expedidas, deb\u00edan remitirse a los clientes en el plazo de un mes desde la fecha de emisi\u00f3n.\n\n\">I un cop expedides, havien de remetre als clients en el termini d&#8217;un mes des de la data d&#8217;emissi\u00f3.<\/p>\n<p><\/span><span title=\"Por tanto, si usted emite las facturas de manera quincenal o mensual, tenga en cuenta que a partir de 2017 las facturas deben ser remitidas antes del d\u00eda 16 del mes siguiente al de realizaci\u00f3n de la operaci\u00f3n.\">Per tant, si vost\u00e8 emet les factures de manera quinzenal o mensual, tingui en compte que a partir de 2017 les factures s&#8217;han de remetre abans del dia 16 del mes seg\u00fcent al de realitzaci\u00f3 de l&#8217;operaci\u00f3. <\/span><span title=\"Es decir, el plazo m\u00e1ximo para expedir y remitir las facturas es el mismo.\">\u00c9s a dir, el termini m\u00e0xim per expedir i remetre les factures \u00e9s el mateix.<\/span><\/span><\/p>\n","protected":false},"excerpt":{"rendered":"<p>Fins al 2016.12.31, el termini de remissi\u00f3 de les factures en el cas que el destinatari sigui un altre empresari o professional era el d&#8217;un mes des de la data d&#8217;expedici\u00f3 de les factures. Des del 2017.01.01 les factures s&#8217;han de remetre abans del dia 16 del mes seg\u00fcent al de realitzaci\u00f3 de l&#8217;operaci\u00f3. Li<\/p>\n","protected":false},"author":1,"featured_media":0,"comment_status":"open","ping_status":"open","sticky":false,"template":"","format":"standard","meta":{"footnotes":""},"categories":[42,48,46,45],"tags":[],"class_list":["post-1635","post","type-post","status-publish","format-standard","hentry","category-autonoms-ca","category-fiscal-ca","category-pere-sbert-ca","category-societats-ca"],"yoast_head":"<!-- This site is optimized with the Yoast SEO plugin v25.9 - https:\/\/yoast.com\/wordpress\/plugins\/seo\/ -->\n<title>Tingueu present que s&#039;ha modificat el termini per a remetre factures a empreses i professionals - AFIESA<\/title>\n<meta name=\"robots\" content=\"index, follow, max-snippet:-1, max-image-preview:large, max-video-preview:-1\" \/>\n<link rel=\"canonical\" href=\"https:\/\/www.afiesa.com\/ca\/tenga-presente-se-ha-modificado-plazo-remitir-facturas-empresas-profesionales\/\" \/>\n<meta property=\"og:locale\" content=\"ca_ES\" \/>\n<meta property=\"og:type\" content=\"article\" \/>\n<meta property=\"og:title\" content=\"Tingueu present que s&#039;ha modificat el termini per a remetre factures a empreses i professionals - AFIESA\" \/>\n<meta property=\"og:description\" content=\"Fins al 2016.12.31, el termini de remissi\u00f3 de les factures en el cas que el destinatari sigui un altre empresari o professional era el d&#8217;un mes des de la data d&#8217;expedici\u00f3 de les factures. Des del 2017.01.01 les factures s&#8217;han de remetre abans del dia 16 del mes seg\u00fcent al de realitzaci\u00f3 de l&#8217;operaci\u00f3. Li\" \/>\n<meta property=\"og:url\" content=\"https:\/\/www.afiesa.com\/ca\/tenga-presente-se-ha-modificado-plazo-remitir-facturas-empresas-profesionales\/\" \/>\n<meta property=\"og:site_name\" content=\"AFIESA\" \/>\n<meta property=\"article:published_time\" content=\"2017-05-08T11:49:17+00:00\" \/>\n<meta property=\"article:modified_time\" content=\"2017-06-07T12:29:21+00:00\" \/>\n<meta name=\"author\" content=\"adminafiesa\" \/>\n<meta name=\"twitter:card\" content=\"summary_large_image\" \/>\n<meta name=\"twitter:label1\" content=\"Escrit per\" \/>\n\t<meta name=\"twitter:data1\" content=\"adminafiesa\" \/>\n\t<meta name=\"twitter:label2\" content=\"Temps estimat de lectura\" \/>\n\t<meta name=\"twitter:data2\" content=\"2 minuts\" \/>\n<script type=\"application\/ld+json\" class=\"yoast-schema-graph\">{\"@context\":\"https:\/\/schema.org\",\"@graph\":[{\"@type\":\"WebPage\",\"@id\":\"https:\/\/www.afiesa.com\/ca\/tenga-presente-se-ha-modificado-plazo-remitir-facturas-empresas-profesionales\/\",\"url\":\"https:\/\/www.afiesa.com\/ca\/tenga-presente-se-ha-modificado-plazo-remitir-facturas-empresas-profesionales\/\",\"name\":\"Tingueu present que s'ha modificat el termini per a remetre factures a empreses i professionals - AFIESA\",\"isPartOf\":{\"@id\":\"https:\/\/www.afiesa.com\/#website\"},\"datePublished\":\"2017-05-08T11:49:17+00:00\",\"dateModified\":\"2017-06-07T12:29:21+00:00\",\"author\":{\"@id\":\"https:\/\/www.afiesa.com\/#\/schema\/person\/68350dbb2abbb61894b55425ff6e562a\"},\"breadcrumb\":{\"@id\":\"https:\/\/www.afiesa.com\/ca\/tenga-presente-se-ha-modificado-plazo-remitir-facturas-empresas-profesionales\/#breadcrumb\"},\"inLanguage\":\"ca\",\"potentialAction\":[{\"@type\":\"ReadAction\",\"target\":[\"https:\/\/www.afiesa.com\/ca\/tenga-presente-se-ha-modificado-plazo-remitir-facturas-empresas-profesionales\/\"]}]},{\"@type\":\"BreadcrumbList\",\"@id\":\"https:\/\/www.afiesa.com\/ca\/tenga-presente-se-ha-modificado-plazo-remitir-facturas-empresas-profesionales\/#breadcrumb\",\"itemListElement\":[{\"@type\":\"ListItem\",\"position\":1,\"name\":\"Portada\",\"item\":\"https:\/\/www.afiesa.com\/ca\/\"},{\"@type\":\"ListItem\",\"position\":2,\"name\":\"Tingueu present que s&#8217;ha modificat el termini per a remetre factures a empreses i professionals\"}]},{\"@type\":\"WebSite\",\"@id\":\"https:\/\/www.afiesa.com\/#website\",\"url\":\"https:\/\/www.afiesa.com\/\",\"name\":\"AFIESA\",\"description\":\"Gestor\u00eda\",\"potentialAction\":[{\"@type\":\"SearchAction\",\"target\":{\"@type\":\"EntryPoint\",\"urlTemplate\":\"https:\/\/www.afiesa.com\/?s={search_term_string}\"},\"query-input\":{\"@type\":\"PropertyValueSpecification\",\"valueRequired\":true,\"valueName\":\"search_term_string\"}}],\"inLanguage\":\"ca\"},{\"@type\":\"Person\",\"@id\":\"https:\/\/www.afiesa.com\/#\/schema\/person\/68350dbb2abbb61894b55425ff6e562a\",\"name\":\"adminafiesa\",\"image\":{\"@type\":\"ImageObject\",\"inLanguage\":\"ca\",\"@id\":\"https:\/\/www.afiesa.com\/#\/schema\/person\/image\/\",\"url\":\"https:\/\/secure.gravatar.com\/avatar\/1d859ebc08c8b23671c0f7a029e6c00de12a26bd33632d7313644a02179dbc1a?s=96&d=mm&r=g\",\"contentUrl\":\"https:\/\/secure.gravatar.com\/avatar\/1d859ebc08c8b23671c0f7a029e6c00de12a26bd33632d7313644a02179dbc1a?s=96&d=mm&r=g\",\"caption\":\"adminafiesa\"}}]}<\/script>\n<!-- \/ Yoast SEO plugin. -->","yoast_head_json":{"title":"Tingueu present que s'ha modificat el termini per a remetre factures a empreses i professionals - AFIESA","robots":{"index":"index","follow":"follow","max-snippet":"max-snippet:-1","max-image-preview":"max-image-preview:large","max-video-preview":"max-video-preview:-1"},"canonical":"https:\/\/www.afiesa.com\/ca\/tenga-presente-se-ha-modificado-plazo-remitir-facturas-empresas-profesionales\/","og_locale":"ca_ES","og_type":"article","og_title":"Tingueu present que s'ha modificat el termini per a remetre factures a empreses i professionals - AFIESA","og_description":"Fins al 2016.12.31, el termini de remissi\u00f3 de les factures en el cas que el destinatari sigui un altre empresari o professional era el d&#8217;un mes des de la data d&#8217;expedici\u00f3 de les factures. Des del 2017.01.01 les factures s&#8217;han de remetre abans del dia 16 del mes seg\u00fcent al de realitzaci\u00f3 de l&#8217;operaci\u00f3. Li","og_url":"https:\/\/www.afiesa.com\/ca\/tenga-presente-se-ha-modificado-plazo-remitir-facturas-empresas-profesionales\/","og_site_name":"AFIESA","article_published_time":"2017-05-08T11:49:17+00:00","article_modified_time":"2017-06-07T12:29:21+00:00","author":"adminafiesa","twitter_card":"summary_large_image","twitter_misc":{"Escrit per":"adminafiesa","Temps estimat de lectura":"2 minuts"},"schema":{"@context":"https:\/\/schema.org","@graph":[{"@type":"WebPage","@id":"https:\/\/www.afiesa.com\/ca\/tenga-presente-se-ha-modificado-plazo-remitir-facturas-empresas-profesionales\/","url":"https:\/\/www.afiesa.com\/ca\/tenga-presente-se-ha-modificado-plazo-remitir-facturas-empresas-profesionales\/","name":"Tingueu present que s'ha modificat el termini per a remetre factures a empreses i professionals - AFIESA","isPartOf":{"@id":"https:\/\/www.afiesa.com\/#website"},"datePublished":"2017-05-08T11:49:17+00:00","dateModified":"2017-06-07T12:29:21+00:00","author":{"@id":"https:\/\/www.afiesa.com\/#\/schema\/person\/68350dbb2abbb61894b55425ff6e562a"},"breadcrumb":{"@id":"https:\/\/www.afiesa.com\/ca\/tenga-presente-se-ha-modificado-plazo-remitir-facturas-empresas-profesionales\/#breadcrumb"},"inLanguage":"ca","potentialAction":[{"@type":"ReadAction","target":["https:\/\/www.afiesa.com\/ca\/tenga-presente-se-ha-modificado-plazo-remitir-facturas-empresas-profesionales\/"]}]},{"@type":"BreadcrumbList","@id":"https:\/\/www.afiesa.com\/ca\/tenga-presente-se-ha-modificado-plazo-remitir-facturas-empresas-profesionales\/#breadcrumb","itemListElement":[{"@type":"ListItem","position":1,"name":"Portada","item":"https:\/\/www.afiesa.com\/ca\/"},{"@type":"ListItem","position":2,"name":"Tingueu present que s&#8217;ha modificat el termini per a remetre factures a empreses i professionals"}]},{"@type":"WebSite","@id":"https:\/\/www.afiesa.com\/#website","url":"https:\/\/www.afiesa.com\/","name":"AFIESA","description":"Gestor\u00eda","potentialAction":[{"@type":"SearchAction","target":{"@type":"EntryPoint","urlTemplate":"https:\/\/www.afiesa.com\/?s={search_term_string}"},"query-input":{"@type":"PropertyValueSpecification","valueRequired":true,"valueName":"search_term_string"}}],"inLanguage":"ca"},{"@type":"Person","@id":"https:\/\/www.afiesa.com\/#\/schema\/person\/68350dbb2abbb61894b55425ff6e562a","name":"adminafiesa","image":{"@type":"ImageObject","inLanguage":"ca","@id":"https:\/\/www.afiesa.com\/#\/schema\/person\/image\/","url":"https:\/\/secure.gravatar.com\/avatar\/1d859ebc08c8b23671c0f7a029e6c00de12a26bd33632d7313644a02179dbc1a?s=96&d=mm&r=g","contentUrl":"https:\/\/secure.gravatar.com\/avatar\/1d859ebc08c8b23671c0f7a029e6c00de12a26bd33632d7313644a02179dbc1a?s=96&d=mm&r=g","caption":"adminafiesa"}}]}},"_links":{"self":[{"href":"https:\/\/www.afiesa.com\/ca\/wp-json\/wp\/v2\/posts\/1635","targetHints":{"allow":["GET"]}}],"collection":[{"href":"https:\/\/www.afiesa.com\/ca\/wp-json\/wp\/v2\/posts"}],"about":[{"href":"https:\/\/www.afiesa.com\/ca\/wp-json\/wp\/v2\/types\/post"}],"author":[{"embeddable":true,"href":"https:\/\/www.afiesa.com\/ca\/wp-json\/wp\/v2\/users\/1"}],"replies":[{"embeddable":true,"href":"https:\/\/www.afiesa.com\/ca\/wp-json\/wp\/v2\/comments?post=1635"}],"version-history":[{"count":1,"href":"https:\/\/www.afiesa.com\/ca\/wp-json\/wp\/v2\/posts\/1635\/revisions"}],"predecessor-version":[{"id":1636,"href":"https:\/\/www.afiesa.com\/ca\/wp-json\/wp\/v2\/posts\/1635\/revisions\/1636"}],"wp:attachment":[{"href":"https:\/\/www.afiesa.com\/ca\/wp-json\/wp\/v2\/media?parent=1635"}],"wp:term":[{"taxonomy":"category","embeddable":true,"href":"https:\/\/www.afiesa.com\/ca\/wp-json\/wp\/v2\/categories?post=1635"},{"taxonomy":"post_tag","embeddable":true,"href":"https:\/\/www.afiesa.com\/ca\/wp-json\/wp\/v2\/tags?post=1635"}],"curies":[{"name":"wp","href":"https:\/\/api.w.org\/{rel}","templated":true}]}}